{"id":11772,"date":"2021-01-01T21:07:07","date_gmt":"2021-01-01T21:07:07","guid":{"rendered":"https:\/\/oparanews.com.br\/?p=11772"},"modified":"2021-01-01T21:07:07","modified_gmt":"2021-01-01T21:07:07","slug":"sao-paulo-esta-pronta-para-vacinar-em-massa-diz-covas","status":"publish","type":"post","link":"https:\/\/www.oparanews.com.br\/index.php\/2021\/01\/01\/sao-paulo-esta-pronta-para-vacinar-em-massa-diz-covas\/","title":{"rendered":"S\u00e3o Paulo &#8216;est\u00e1 pronta para vacinar em massa&#8217;, diz Covas"},"content":{"rendered":"<p>Na cerim\u00f4nia de posse do seu segundo mandato como prefeito de S\u00e3o Paulo, o tucano Bruno Covas afirmou nesta sexta-feira, 1\u00ba, que a cidade de S\u00e3o Paulo est\u00e1 pronta para vacinar a sua popula\u00e7\u00e3o. &#8220;As vacinas v\u00e3o chegar e a nossa cidade est\u00e1 pronta para vacinar em massa&#8221;, disse em seu discurso, acrescentando que ainda \u00e9 necess\u00e1rio manter as medidas de isolamento social de combate ao coronav\u00edrus. O ato ocorreu na C\u00e2mara dos Vereadores de S\u00e3o Paulo, no centro da cidade.<\/p>\n<p>Em um discurso alinhado ao do governador de S\u00e3o Paulo, Jo\u00e3o Doria (PSDB), seu aliado pol\u00edtico, Covas afirmou que &#8220;o negacionismo est\u00e1 com os dias contatos&#8221; e que agora \u00e9 necess\u00e1rio banir o &#8220;v\u00edrus do \u00f3dio&#8221;. O prefeito defendeu ainda que a atividade pol\u00edtica &#8220;n\u00e3o \u00e9 para lacradores&#8221;, em refer\u00eancia aos governantes que adotam um perfil mais extremado contra os advers\u00e1rios. &#8220;As urnas deram o recado de modera\u00e7\u00e3o muito claro&#8221;, argumentou.<\/p>\n<p>A fala fez refer\u00eancia \u00e0 forma como a crise vem sendo conduzida pelo presidente da Rep\u00fablica, Jair Bolsonaro, que j\u00e1 chamou a doen\u00e7a como &#8220;gripezinha&#8221; em diversas ocasi\u00f5es, inclusive em pronunciamento em rede nacional. Esse discurso tem sido refutado por Doria, que pretende disputar a Presid\u00eancia em 2022.<\/p>\n<p>O debate em torno da vacina\u00e7\u00e3o no Brasil se tornou o mais novo ringue de batalha entre Doria e Bolsonaro, que tenta transferir as responsabilidades pela marcha lenta do processo de imuniza\u00e7\u00e3o no Pa\u00eds aos laborat\u00f3rios que produzem vacinas. J\u00e1 o governo Doria acena para a possibilidade de vacinar a popula\u00e7\u00e3o paulista a partir do final de janeiro um imunizante desenvolvido pelo Instituto Butant\u00e3 em parceria com a farmac\u00eautica chinesa Sinovac. Essa vacina, no entanto, ainda n\u00e3o tem autoriza\u00e7\u00e3o da Ag\u00eancia Nacional de Vigil\u00e2ncia Sanit\u00e1ria (Anvisa) para uso e est\u00e1 na terceira fase de testes.<\/p>\n<p>O ato serviu como cerim\u00f4nia de posse de Covas, do vice-prefeito Ricardo Nunes (MDB) e dos 55 vereadores da 18\u00aa Legislatura (2021-2024) da C\u00e2mara. Em seu discurso, Nunes afirmou que, durante a pandemia do novo coronav\u00edrus, ningu\u00e9m, na cidade de S\u00e3o Paulo sob Covas, ficou sem tratamento, sem respirador.<\/p>\n<p>Doria, que participou virtualmente, tamb\u00e9m voltou a defender a necessidade da vacina para solucionar a pandemia do novo coronav\u00edrus.<\/p>\n<p><strong>Cerim\u00f4nia h\u00edbrida<\/strong><\/p>\n<p>A natureza h\u00edbrida &#8211; presencial e virtual &#8211; da cerim\u00f4nia causou alguns engui\u00e7os na hora em que cada um dos 55 vereadores tinham que responder &#8220;assim o prometo&#8221; a um juramento para dar in\u00edcio ao mandato. O juramento ocorreu em ordem alfab\u00e9tica, mas um dos primeiros chamados que participavam por videoconfer\u00eancia, Arselino Tatto, estava com o microfone fechado, n\u00e3o conseguiu abrir o dispositivo, foi pulado e fez seu juramento depois de superar a quest\u00e3o t\u00e9cnica.<\/p>\n<p>A Mesa que conduziu a cerim\u00f4nia foi presidida pelo vereador Eduardo Suplicy (PT), o mais idoso entre os eleitos. Milton Leite, presidente da C\u00e2mara na legislatura que se encerra, atuou como o secret\u00e1rio da Mesa, onde tamb\u00e9m se sentaram Covas e Nunes.<\/p>\n<p>Ap\u00f3s o discurso de Covas, Suplicy se dirigiu a ele publicamente para criticar o decreto emitido pelo prefeito e pelo governador que vai eliminar a partir de fevereiro a gratuidade do transporte p\u00fablico para idosos de 60 a 65 anos. Do lado de fora da C\u00e2mara, cerca de dez manifestantes protestavam contra a medida.<\/p>\n<p>Al\u00e9m de Doria, o ato contou com a participa\u00e7\u00e3o virtual de diversos secret\u00e1rios da administra\u00e7\u00e3o estadual, do desembargador Federal Mairan Maia, presidente do Tribunal Regional Federal da 3\u00aa Regi\u00e3o, do presidente do Tribunal de Justi\u00e7a de S\u00e3o Paulo, desembargador Nuevo Campos, do arcebispo de S\u00e3o Paulo, Dom Odilo Scherer e de Orlando Faria, atual secret\u00e1rio municipal da Casa Civil e pr\u00f3ximo secret\u00e1rio municipal da Habita\u00e7\u00e3o, entre outras autoridades.<\/p>\n<p>Inicialmente, algumas autoridades iriam participar presencialmente, mas foram desconvidadas na \u00faltima ter\u00e7a-feira, dia 29, quando a Mesa Diretora da C\u00e2mara publicou um ato que ampliou os protocolos de seguran\u00e7a em virtude da covid-19.<\/p>\n<p>Ao longo de toda a cerim\u00f4nia, metade do tel\u00e3o que exibia os participantes virtuais ficou mostrando o rosto do governador de maneira permanente.<\/p>\n<p>&nbsp;<\/p>\n<p><strong>Fonte: Terra<\/strong><\/p>\n<p>&nbsp;<\/p>\n","protected":false},"excerpt":{"rendered":"<p>Na cerim\u00f4nia de posse do seu segundo mandato como prefeito de S\u00e3o Paulo, o tucano Bruno Covas afirmou nesta sexta-feira, 1\u00ba, que a cidade de S\u00e3o Paulo est\u00e1 pronta para vacinar a sua popula\u00e7\u00e3o. &#8220;As vacinas v\u00e3o chegar e a nossa cidade est\u00e1 pronta para vacinar em massa&#8221;, disse em seu discurso, acrescentando que ainda &hellip;<\/p>\n","protected":false},"author":1,"featured_media":11773,"comment_status":"closed","ping_status":"closed","sticky":false,"template":"","format":"standard","meta":{"_jetpack_newsletter_access":"","_jetpack_dont_email_post_to_subs":false,"_jetpack_newsletter_tier_id":0,"_jetpack_memberships_contains_paywalled_content":false,"_jetpack_memberships_contains_paid_content":false,"footnotes":""},"categories":[1],"tags":[],"class_list":["post-11772","post","type-post","status-publish","format-standard","has-post-thumbnail","hentry","category-destaque"],"jetpack_sharing_enabled":true,"jetpack_featured_media_url":"","_links":{"self":[{"href":"https:\/\/www.oparanews.com.br\/index.php\/wp-json\/wp\/v2\/posts\/11772","targetHints":{"allow":["GET"]}}],"collection":[{"href":"https:\/\/www.oparanews.com.br\/index.php\/wp-json\/wp\/v2\/posts"}],"about":[{"href":"https:\/\/www.oparanews.com.br\/index.php\/wp-json\/wp\/v2\/types\/post"}],"author":[{"embeddable":true,"href":"https:\/\/www.oparanews.com.br\/index.php\/wp-json\/wp\/v2\/users\/1"}],"replies":[{"embeddable":true,"href":"https:\/\/www.oparanews.com.br\/index.php\/wp-json\/wp\/v2\/comments?post=11772"}],"version-history":[{"count":0,"href":"https:\/\/www.oparanews.com.br\/index.php\/wp-json\/wp\/v2\/posts\/11772\/revisions"}],"wp:attachment":[{"href":"https:\/\/www.oparanews.com.br\/index.php\/wp-json\/wp\/v2\/media?parent=11772"}],"wp:term":[{"taxonomy":"category","embeddable":true,"href":"https:\/\/www.oparanews.com.br\/index.php\/wp-json\/wp\/v2\/categories?post=11772"},{"taxonomy":"post_tag","embeddable":true,"href":"https:\/\/www.oparanews.com.br\/index.php\/wp-json\/wp\/v2\/tags?post=11772"}],"curies":[{"name":"wp","href":"https:\/\/api.w.org\/{rel}","templated":true}]}}