{"id":11781,"date":"2021-01-01T23:10:11","date_gmt":"2021-01-01T23:10:11","guid":{"rendered":"https:\/\/oparanews.com.br\/?p=11781"},"modified":"2021-01-01T23:10:11","modified_gmt":"2021-01-01T23:10:11","slug":"audio-marcius-beltrao-entrega-obras-no-ultimo-dia-de-sua-gestao-em-penedo","status":"publish","type":"post","link":"https:\/\/www.oparanews.com.br\/index.php\/2021\/01\/01\/audio-marcius-beltrao-entrega-obras-no-ultimo-dia-de-sua-gestao-em-penedo\/","title":{"rendered":"\u00c1UDIO: Marcius Beltr\u00e3o entrega obras no \u00faltimo dia de sua gest\u00e3o em Penedo"},"content":{"rendered":"<p>A reportagem do portal de not\u00edcias, OparaNews, esteve presente nesta quinta-feira, 31, em v\u00e1rias solenidade de entrega de obras realizadas pela Prefeitura Municipal de Penedo.<\/p>\n<p>Na oportunidade, o prefeito Marcius Beltr\u00e3o concedeu uma entrevista \u00e0 nossa reportagem e falou sobre as entregas das obras para a popula\u00e7\u00e3o penedense.<\/p>\n<p>Confira abaixo a entrevista.<\/p>\n<audio class=\"wp-audio-shortcode\" id=\"audio-11781-1\" preload=\"none\" style=\"width: 100%;\" controls=\"controls\"><source type=\"audio\/mpeg\" src=\"https:\/\/oparanews.com.br\/wp-content\/uploads\/2021\/01\/VALDI-E-MARCIUS-31.12.2020.mp3?_=1\" \/><a href=\"https:\/\/oparanews.com.br\/wp-content\/uploads\/2021\/01\/VALDI-E-MARCIUS-31.12.2020.mp3\">https:\/\/oparanews.com.br\/wp-content\/uploads\/2021\/01\/VALDI-E-MARCIUS-31.12.2020.mp3<\/a><\/audio>\n<p>&nbsp;<\/p>\n<p><strong>por Reda\u00e7\u00e3o<\/strong><\/p>\n<p><a href=\"https:\/\/oparanews.com.br\/audio-marcius-beltrao-entrega-obras-no-ultimo-dia-de-sua-gestao-em-penedo\/a\/\" rel=\"attachment wp-att-11797\"><img loading=\"lazy\" decoding=\"async\" class=\"alignleft size-medium wp-image-11797\" src=\"https:\/\/oparanews.com.br\/wp-content\/uploads\/2021\/01\/a-225x300.jpg\" alt=\"\" width=\"225\" height=\"300\" \/><\/a><a href=\"https:\/\/oparanews.com.br\/audio-marcius-beltrao-entrega-obras-no-ultimo-dia-de-sua-gestao-em-penedo\/aa\/\" rel=\"attachment wp-att-11796\"><img loading=\"lazy\" decoding=\"async\" class=\"alignleft size-medium wp-image-11796\" src=\"https:\/\/oparanews.com.br\/wp-content\/uploads\/2021\/01\/aa-225x300.jpg\" alt=\"\" width=\"225\" height=\"300\" \/><\/a> <a href=\"https:\/\/oparanews.com.br\/audio-marcius-beltrao-entrega-obras-no-ultimo-dia-de-sua-gestao-em-penedo\/aaa\/\" rel=\"attachment wp-att-11795\"><img loading=\"lazy\" decoding=\"async\" class=\"alignleft size-medium wp-image-11795\" src=\"https:\/\/oparanews.com.br\/wp-content\/uploads\/2021\/01\/aaa-225x300.jpg\" alt=\"\" width=\"225\" height=\"300\" \/><\/a> <a href=\"https:\/\/oparanews.com.br\/audio-marcius-beltrao-entrega-obras-no-ultimo-dia-de-sua-gestao-em-penedo\/aaaa\/\" rel=\"attachment wp-att-11794\"><img loading=\"lazy\" decoding=\"async\" class=\"alignleft size-medium wp-image-11794\" src=\"https:\/\/oparanews.com.br\/wp-content\/uploads\/2021\/01\/aaaa-225x300.jpg\" alt=\"\" width=\"225\" height=\"300\" \/><\/a> <a href=\"https:\/\/oparanews.com.br\/audio-marcius-beltrao-entrega-obras-no-ultimo-dia-de-sua-gestao-em-penedo\/aaaaa\/\" rel=\"attachment wp-att-11793\"><img loading=\"lazy\" decoding=\"async\" class=\"alignleft size-medium wp-image-11793\" src=\"https:\/\/oparanews.com.br\/wp-content\/uploads\/2021\/01\/aaaaa-300x225.jpg\" alt=\"\" width=\"300\" height=\"225\" \/><\/a> <a href=\"https:\/\/oparanews.com.br\/audio-marcius-beltrao-entrega-obras-no-ultimo-dia-de-sua-gestao-em-penedo\/aaaaaa\/\" rel=\"attachment wp-att-11792\"><img loading=\"lazy\" decoding=\"async\" class=\"alignleft size-medium wp-image-11792\" src=\"https:\/\/oparanews.com.br\/wp-content\/uploads\/2021\/01\/aaaaaa-300x225.jpg\" alt=\"\" width=\"300\" height=\"225\" \/><\/a> <a href=\"https:\/\/oparanews.com.br\/audio-marcius-beltrao-entrega-obras-no-ultimo-dia-de-sua-gestao-em-penedo\/aaaaaaa\/\" rel=\"attachment wp-att-11791\"><img loading=\"lazy\" decoding=\"async\" class=\"alignleft size-medium wp-image-11791\" src=\"https:\/\/oparanews.com.br\/wp-content\/uploads\/2021\/01\/aaaaaaa-225x300.jpg\" alt=\"\" width=\"225\" height=\"300\" \/><\/a> <a href=\"https:\/\/oparanews.com.br\/audio-marcius-beltrao-entrega-obras-no-ultimo-dia-de-sua-gestao-em-penedo\/aaaaaaaa\/\" rel=\"attachment wp-att-11790\"><img loading=\"lazy\" decoding=\"async\" class=\"alignleft size-medium wp-image-11790\" src=\"https:\/\/oparanews.com.br\/wp-content\/uploads\/2021\/01\/aaaaaaaa-300x225.jpg\" alt=\"\" width=\"300\" height=\"225\" \/><\/a> <a href=\"https:\/\/oparanews.com.br\/audio-marcius-beltrao-entrega-obras-no-ultimo-dia-de-sua-gestao-em-penedo\/aaaaaaaaa\/\" rel=\"attachment wp-att-11789\"><img loading=\"lazy\" decoding=\"async\" class=\"alignleft size-medium wp-image-11789\" src=\"https:\/\/oparanews.com.br\/wp-content\/uploads\/2021\/01\/aaaaaaaaa-225x300.jpg\" alt=\"\" width=\"225\" height=\"300\" \/><\/a> <a href=\"https:\/\/oparanews.com.br\/audio-marcius-beltrao-entrega-obras-no-ultimo-dia-de-sua-gestao-em-penedo\/aaaaaaaaaa\/\" rel=\"attachment wp-att-11788\"><img loading=\"lazy\" decoding=\"async\" class=\"alignleft size-medium wp-image-11788\" src=\"https:\/\/oparanews.com.br\/wp-content\/uploads\/2021\/01\/aaaaaaaaaa-300x225.jpg\" alt=\"\" width=\"300\" height=\"225\" \/><\/a> <a href=\"https:\/\/oparanews.com.br\/audio-marcius-beltrao-entrega-obras-no-ultimo-dia-de-sua-gestao-em-penedo\/aaaaaaaaaaa\/\" rel=\"attachment wp-att-11787\"><img loading=\"lazy\" decoding=\"async\" class=\"alignleft size-medium wp-image-11787\" src=\"https:\/\/oparanews.com.br\/wp-content\/uploads\/2021\/01\/aaaaaaaaaaa-300x225.jpg\" alt=\"\" width=\"300\" height=\"225\" \/><\/a> <a href=\"https:\/\/oparanews.com.br\/audio-marcius-beltrao-entrega-obras-no-ultimo-dia-de-sua-gestao-em-penedo\/aaaaaaaaaaaa\/\" rel=\"attachment wp-att-11786\"><img loading=\"lazy\" decoding=\"async\" class=\"alignleft size-medium wp-image-11786\" src=\"https:\/\/oparanews.com.br\/wp-content\/uploads\/2021\/01\/aaaaaaaaaaaa-300x225.jpg\" alt=\"\" width=\"300\" height=\"225\" \/><\/a> <a href=\"https:\/\/oparanews.com.br\/audio-marcius-beltrao-entrega-obras-no-ultimo-dia-de-sua-gestao-em-penedo\/aaaaaaaaaaaaa\/\" rel=\"attachment wp-att-11785\"><img loading=\"lazy\" decoding=\"async\" class=\"alignleft size-medium wp-image-11785\" src=\"https:\/\/oparanews.com.br\/wp-content\/uploads\/2021\/01\/aaaaaaaaaaaaa-300x225.jpg\" alt=\"\" width=\"300\" height=\"225\" \/><\/a><\/p>\n<p>&nbsp;<\/p>\n<p>&nbsp;<\/p>\n<p>&nbsp;<\/p>\n","protected":false},"excerpt":{"rendered":"<p>A reportagem do portal de not\u00edcias, OparaNews, esteve presente nesta quinta-feira, 31, em v\u00e1rias solenidade de entrega de obras realizadas pela Prefeitura Municipal de Penedo. Na oportunidade, o prefeito Marcius Beltr\u00e3o concedeu uma entrevista \u00e0 nossa reportagem e falou sobre as entregas das obras para a popula\u00e7\u00e3o penedense. Confira abaixo a entrevista. &nbsp; por Reda\u00e7\u00e3o &hellip;<\/p>\n","protected":false},"author":1,"featured_media":11784,"comment_status":"closed","ping_status":"closed","sticky":false,"template":"","format":"standard","meta":{"_jetpack_newsletter_access":"","_jetpack_dont_email_post_to_subs":false,"_jetpack_newsletter_tier_id":0,"_jetpack_memberships_contains_paywalled_content":false,"_jetpack_memberships_contains_paid_content":false,"footnotes":""},"categories":[1],"tags":[],"class_list":["post-11781","post","type-post","status-publish","format-standard","has-post-thumbnail","hentry","category-destaque"],"jetpack_sharing_enabled":true,"jetpack_featured_media_url":"","_links":{"self":[{"href":"https:\/\/www.oparanews.com.br\/index.php\/wp-json\/wp\/v2\/posts\/11781","targetHints":{"allow":["GET"]}}],"collection":[{"href":"https:\/\/www.oparanews.com.br\/index.php\/wp-json\/wp\/v2\/posts"}],"about":[{"href":"https:\/\/www.oparanews.com.br\/index.php\/wp-json\/wp\/v2\/types\/post"}],"author":[{"embeddable":true,"href":"https:\/\/www.oparanews.com.br\/index.php\/wp-json\/wp\/v2\/users\/1"}],"replies":[{"embeddable":true,"href":"https:\/\/www.oparanews.com.br\/index.php\/wp-json\/wp\/v2\/comments?post=11781"}],"version-history":[{"count":0,"href":"https:\/\/www.oparanews.com.br\/index.php\/wp-json\/wp\/v2\/posts\/11781\/revisions"}],"wp:attachment":[{"href":"https:\/\/www.oparanews.com.br\/index.php\/wp-json\/wp\/v2\/media?parent=11781"}],"wp:term":[{"taxonomy":"category","embeddable":true,"href":"https:\/\/www.oparanews.com.br\/index.php\/wp-json\/wp\/v2\/categories?post=11781"},{"taxonomy":"post_tag","embeddable":true,"href":"https:\/\/www.oparanews.com.br\/index.php\/wp-json\/wp\/v2\/tags?post=11781"}],"curies":[{"name":"wp","href":"https:\/\/api.w.org\/{rel}","templated":true}]}}