{"id":11809,"date":"2021-01-02T21:57:31","date_gmt":"2021-01-02T21:57:31","guid":{"rendered":"https:\/\/oparanews.com.br\/?p=11809"},"modified":"2021-01-02T21:57:31","modified_gmt":"2021-01-02T21:57:31","slug":"alagoas-confirma-270-novos-casos-e-mais-seis-mortes-por-covid-19","status":"publish","type":"post","link":"https:\/\/www.oparanews.com.br\/index.php\/2021\/01\/02\/alagoas-confirma-270-novos-casos-e-mais-seis-mortes-por-covid-19\/","title":{"rendered":"Alagoas confirma 270 novos casos e mais seis mortes por Covid-19"},"content":{"rendered":"<p>Alagoas registrou 270 novos casos e mais seis mortes por Covid-19 nas \u00faltimas 24 horas. Os n\u00fameros foram divulgados no boletim epidemiol\u00f3gico deste s\u00e1bado (2).<\/p>\n<p>Desde o in\u00edcio da pandemia, o estado confirmou 105.361 casos e 2.502 \u00f3bitos causados pela doen\u00e7a.<\/p>\n<p>O n\u00famero de casos suspeitos chegou a 8.938. Entre as pessoas que tiveram a doen\u00e7a confirmada por teste, 100.531 est\u00e3o recuperadas.<\/p>\n<p>Das seis mortes registradas, quatro eram de pacientes da capital alagoana e duas do interior.<\/p>\n<p><strong>Boletim de Leitos<\/strong><\/p>\n<p>O boletim de ocupa\u00e7\u00e3o de leitos desta sexta mostrou que 41% dos leitos exclusivos para Covid-19 est\u00e3o ocupados. A taxa de ocupa\u00e7\u00e3o de leitos de UTI \u00e9 de 55%.<\/p>\n<p><strong>Mais seis mortes por Covid-19<\/strong><\/p>\n<p>Macei\u00f3: homem, 55 anos \u2013 diab\u00e9tico, hipertenso e renal cr\u00f4nico<br \/>\nMacei\u00f3: homem, 65 anos \u2013 ex-tabagista<br \/>\nMacei\u00f3: mulher, 60 anos \u2013 doen\u00e7a card\u00edaca cr\u00f4nica<br \/>\nMacei\u00f3: mulher, 86 anos \u2013 hipertensa e Doen\u00e7a Pulmonar Obstrutiva Cr\u00f4nica (DPOC)<br \/>\nS\u00e3o Miguel dos Campos: mulher, 85 anos \u2013 renal cr\u00f4nica e card\u00edaca cr\u00f4nica<br \/>\nMaragogi: homem, 95 anos \u2013 hipertens\u00e3o<\/p>\n<p>&nbsp;<\/p>\n<p><strong>Fonte: G1\/AL<\/strong><\/p>\n<p>&nbsp;<\/p>\n","protected":false},"excerpt":{"rendered":"<p>Alagoas registrou 270 novos casos e mais seis mortes por Covid-19 nas \u00faltimas 24 horas. Os n\u00fameros foram divulgados no boletim epidemiol\u00f3gico deste s\u00e1bado (2). Desde o in\u00edcio da pandemia, o estado confirmou 105.361 casos e 2.502 \u00f3bitos causados pela doen\u00e7a. O n\u00famero de casos suspeitos chegou a 8.938. Entre as pessoas que tiveram a &hellip;<\/p>\n","protected":false},"author":1,"featured_media":6921,"comment_status":"closed","ping_status":"closed","sticky":false,"template":"","format":"standard","meta":{"_jetpack_newsletter_access":"","_jetpack_dont_email_post_to_subs":false,"_jetpack_newsletter_tier_id":0,"_jetpack_memberships_contains_paywalled_content":false,"_jetpack_memberships_contains_paid_content":false,"footnotes":""},"categories":[1],"tags":[],"class_list":["post-11809","post","type-post","status-publish","format-standard","has-post-thumbnail","hentry","category-destaque"],"jetpack_sharing_enabled":true,"jetpack_featured_media_url":"","_links":{"self":[{"href":"https:\/\/www.oparanews.com.br\/index.php\/wp-json\/wp\/v2\/posts\/11809","targetHints":{"allow":["GET"]}}],"collection":[{"href":"https:\/\/www.oparanews.com.br\/index.php\/wp-json\/wp\/v2\/posts"}],"about":[{"href":"https:\/\/www.oparanews.com.br\/index.php\/wp-json\/wp\/v2\/types\/post"}],"author":[{"embeddable":true,"href":"https:\/\/www.oparanews.com.br\/index.php\/wp-json\/wp\/v2\/users\/1"}],"replies":[{"embeddable":true,"href":"https:\/\/www.oparanews.com.br\/index.php\/wp-json\/wp\/v2\/comments?post=11809"}],"version-history":[{"count":0,"href":"https:\/\/www.oparanews.com.br\/index.php\/wp-json\/wp\/v2\/posts\/11809\/revisions"}],"wp:attachment":[{"href":"https:\/\/www.oparanews.com.br\/index.php\/wp-json\/wp\/v2\/media?parent=11809"}],"wp:term":[{"taxonomy":"category","embeddable":true,"href":"https:\/\/www.oparanews.com.br\/index.php\/wp-json\/wp\/v2\/categories?post=11809"},{"taxonomy":"post_tag","embeddable":true,"href":"https:\/\/www.oparanews.com.br\/index.php\/wp-json\/wp\/v2\/tags?post=11809"}],"curies":[{"name":"wp","href":"https:\/\/api.w.org\/{rel}","templated":true}]}}