{"id":11811,"date":"2021-01-02T22:00:06","date_gmt":"2021-01-02T22:00:06","guid":{"rendered":"https:\/\/oparanews.com.br\/?p=11811"},"modified":"2021-01-02T22:00:06","modified_gmt":"2021-01-02T22:00:06","slug":"camara-municipal-de-penedo-elege-mesa-diretora-para-o-bienio-2021-2022","status":"publish","type":"post","link":"https:\/\/www.oparanews.com.br\/index.php\/2021\/01\/02\/camara-municipal-de-penedo-elege-mesa-diretora-para-o-bienio-2021-2022\/","title":{"rendered":"C\u00e2mara Municipal de Penedo elege Mesa Diretora para o bi\u00eanio 2021\/2022"},"content":{"rendered":"<p>A Mesa Diretora da C\u00e2mara Municipal de Penedo (CMP) para coordenar os trabalhos legislativos durante o bi\u00eanio 2021\/2022 est\u00e1 definida. A \u00fanica chapa inscrita durante a elei\u00e7\u00e3o realizada na noite de ontem, 1\u00ba de janeiro, \u00e9 composta pelo Presidente Ant\u00f4nio de Figueiredo Barbosa J\u00fanior (J\u00fanior do T\u00f3), a Vice-Presidente Raquel Tavares, Rodrigo Regueira \u00e9 o 1\u00ba Secret\u00e1rio e Jo\u00e3o Ferreira (Irm\u00e3o Jo\u00e3o) o 2\u00ba Secret\u00e1rio.<\/p>\n<p>Eleito Presidente do Poder Legislativo Municipal pela segunda vez, o Vereador J\u00fanior do T\u00f3 agradeceu por sua recondu\u00e7\u00e3o ao cargo e afirmou que a C\u00e2mara trabalhar\u00e1 para melhorar a qualidade de vida da popula\u00e7\u00e3o penedense, atuando de forma harmoniosa e independente, como deve ser a rela\u00e7\u00e3o entre os poderes constitu\u00eddos.<\/p>\n<p>J\u00fanior do T\u00f3 tamb\u00e9m enalteceu o trabalho da legislatura anterior, desenvolvido de forma respons\u00e1vel e colaborativa com o Poder Executivo, \u201capoiando e cobrando, quando necess\u00e1rio\u201d, conforme frisou sobre o di\u00e1logo que resultou nos avan\u00e7os registrados em Penedo.<\/p>\n<p>Primeira mulher a integrar a Mesa Diretora da CMP, Raquel Tavares externou sua gratid\u00e3o \u00e0 fam\u00edlia, Deus, equipe da campanha, povo de Penedo e colegas parlamentares que a elegeram, frisando que gostaria que mais mulheres fossem eleitas vereadoras.<\/p>\n<p>O publicit\u00e1rio Rodrigo Regueira tamb\u00e9m agradeceu \u00e0 sua fam\u00edlia e amigos que colaboraram em sua jornada de campanha eleitoral, colocando-se \u00e0 disposi\u00e7\u00e3o dos colegas parlamentares para trabalhar, agradecendo ainda a vota\u00e7\u00e3o un\u00e2nime para o cargo que alcan\u00e7a j\u00e1 em seu primeiro mandato.<\/p>\n<p>Jo\u00e3o Ferreira, ou Irm\u00e3o Jo\u00e3o \u2013 como \u00e9 conhecido por ser evang\u00e9lico \u2013 tamb\u00e9m chega \u00e0 Mesa Diretora com o voto de todos os 15 edis da atual legislatura. Em seu pronunciamento, al\u00e9m de agradecer \u00e0 fam\u00edlia, Deus, apoiadores, ao empres\u00e1rio Dr. Rog\u00e9rio e ao pastor Eliel, Irm\u00e3o Jo\u00e3o rogou para que a uni\u00e3o entre os vereadores, da forma como se viu e se fez naquela noite, seja permanente na C\u00e2mara Municipal de Penedo.<\/p>\n<p>\u201cEspero que tudo isso que estamos falando n\u00e3o morra hoje. Vamos continuar unidos para trabalhar e ajudar Penedo a gerar emprego e renda e assim honrar cada voto que recebemos\u201d, destacou em seu primeiro pronunciamento na Sala das Sess\u00f5es Sabino Romariz.<\/p>\n<p>Os parlamentares eleitos para o mandato 2021\/2024 tamb\u00e9m fizeram um breve discurso durante a sess\u00e3o conduzida pelo Vereador Manoel Messias Lima, o Messias da Fil\u00f3, por ser o de maior idade entre os eleitos, conforme estabelece o Regimento Interno da CMP.<\/p>\n<p>Todos os eleitos agradeceram a Deus, \u00e0s respectivas fam\u00edlias, amigos e correligion\u00e1rios pela elei\u00e7\u00e3o, inclusive o Prefeito Ronaldo Lopes e o Vice-Prefeito Jo\u00e3o Lucas, ambos empossados no plen\u00e1rio legislativo antes da sess\u00e3o que elegeu a nova Mesa Diretora da C\u00e2mara Municipal de Penedo.<\/p>\n<p><a href=\"https:\/\/oparanews.com.br\/camara-municipal-de-penedo-elege-mesa-diretora-para-o-bienio-2021-2022\/posse-prefeito-vereadores-penedo-foto-studio-d\/\" rel=\"attachment wp-att-11813\"><img loading=\"lazy\" decoding=\"async\" class=\"aligncenter size-full wp-image-11813\" src=\"https:\/\/oparanews.com.br\/wp-content\/uploads\/2021\/01\/posse-prefeito-vereadores-penedo-foto-studio-d.jpg\" alt=\"\" width=\"925\" height=\"617\" \/><\/a><\/p>\n<p>Conforme o regimento da CMP, o ano legislativo ter\u00e1 in\u00edcio em fevereiro, com a primeira sess\u00e3o ordin\u00e1ria agendada para quinta-feira, 04, a partir das 14h30.<\/p>\n<p>Todas as sess\u00f5es da C\u00e2mara Municipal de Penedo s\u00e3o transmitidas, ao vivo, pela p\u00e1gina oficial https:\/\/www.facebook.com\/camarapenedo<\/p>\n<p>&nbsp;<\/p>\n<p><strong>por Ascom CMP<\/strong><\/p>\n<p>&nbsp;<\/p>\n","protected":false},"excerpt":{"rendered":"<p>A Mesa Diretora da C\u00e2mara Municipal de Penedo (CMP) para coordenar os trabalhos legislativos durante o bi\u00eanio 2021\/2022 est\u00e1 definida. A \u00fanica chapa inscrita durante a elei\u00e7\u00e3o realizada na noite de ontem, 1\u00ba de janeiro, \u00e9 composta pelo Presidente Ant\u00f4nio de Figueiredo Barbosa J\u00fanior (J\u00fanior do T\u00f3), a Vice-Presidente Raquel Tavares, Rodrigo Regueira \u00e9 o &hellip;<\/p>\n","protected":false},"author":1,"featured_media":11812,"comment_status":"closed","ping_status":"closed","sticky":false,"template":"","format":"standard","meta":{"_jetpack_newsletter_access":"","_jetpack_dont_email_post_to_subs":false,"_jetpack_newsletter_tier_id":0,"_jetpack_memberships_contains_paywalled_content":false,"_jetpack_memberships_contains_paid_content":false,"footnotes":""},"categories":[1],"tags":[],"class_list":["post-11811","post","type-post","status-publish","format-standard","has-post-thumbnail","hentry","category-destaque"],"jetpack_sharing_enabled":true,"jetpack_featured_media_url":"","_links":{"self":[{"href":"https:\/\/www.oparanews.com.br\/index.php\/wp-json\/wp\/v2\/posts\/11811","targetHints":{"allow":["GET"]}}],"collection":[{"href":"https:\/\/www.oparanews.com.br\/index.php\/wp-json\/wp\/v2\/posts"}],"about":[{"href":"https:\/\/www.oparanews.com.br\/index.php\/wp-json\/wp\/v2\/types\/post"}],"author":[{"embeddable":true,"href":"https:\/\/www.oparanews.com.br\/index.php\/wp-json\/wp\/v2\/users\/1"}],"replies":[{"embeddable":true,"href":"https:\/\/www.oparanews.com.br\/index.php\/wp-json\/wp\/v2\/comments?post=11811"}],"version-history":[{"count":0,"href":"https:\/\/www.oparanews.com.br\/index.php\/wp-json\/wp\/v2\/posts\/11811\/revisions"}],"wp:attachment":[{"href":"https:\/\/www.oparanews.com.br\/index.php\/wp-json\/wp\/v2\/media?parent=11811"}],"wp:term":[{"taxonomy":"category","embeddable":true,"href":"https:\/\/www.oparanews.com.br\/index.php\/wp-json\/wp\/v2\/categories?post=11811"},{"taxonomy":"post_tag","embeddable":true,"href":"https:\/\/www.oparanews.com.br\/index.php\/wp-json\/wp\/v2\/tags?post=11811"}],"curies":[{"name":"wp","href":"https:\/\/api.w.org\/{rel}","templated":true}]}}