{"id":11816,"date":"2021-01-02T22:01:58","date_gmt":"2021-01-02T22:01:58","guid":{"rendered":"https:\/\/oparanews.com.br\/?p=11816"},"modified":"2021-01-02T22:01:58","modified_gmt":"2021-01-02T22:01:58","slug":"prefeito-ronaldo-lopes-reafirma-compromisso-com-a-populacao-carente-de-penedo-em-sua-posse","status":"publish","type":"post","link":"https:\/\/www.oparanews.com.br\/index.php\/2021\/01\/02\/prefeito-ronaldo-lopes-reafirma-compromisso-com-a-populacao-carente-de-penedo-em-sua-posse\/","title":{"rendered":"Prefeito Ronaldo Lopes reafirma compromisso com a popula\u00e7\u00e3o carente de Penedo em sua posse"},"content":{"rendered":"<p>O engenheiro civil Ronaldo Lopes e o radialista Jo\u00e3o Lucas assumiram a gest\u00e3o da Prefeitura de Penedo, renovando o compromisso de trabalhar para os que mais necessitam do poder p\u00fablico.<\/p>\n<p>O Prefeito e o Vice-Prefeito eleitos com praticamente a metade de todos os votos registrados para as quatro chapas concorrentes foram empossados na noite de ontem, sexta-feira, 1\u00ba de janeiro de 2021.<\/p>\n<p>Acompanhados por familiares, membros do primeiro escal\u00e3o do governo, vereadores e populares, Ronaldo Lopes e Jo\u00e3o Lucas iniciaram a primeira jornada de trabalho participando da celebra\u00e7\u00e3o religiosa realizada na catedral diocesana.<\/p>\n<p>Ap\u00f3s a missa, todos os candidatos eleitos pela popula\u00e7\u00e3o penedense foram empossados na C\u00e2mara Municipal de Penedo.<\/p>\n<p><strong>Penedo Daqui Pra Frente<\/strong><\/p>\n<p>\u201cVamos inaugurar um novo tempo, um tempo de uni\u00e3o, de otimismo, de confian\u00e7a e de fraternidade\u201d, afirmou Ronaldo Lopes em trecho de seu pronunciamento, convidando todas as pessoas que amam Penedo a trabalhar \u201cem um governo participativo, eficiente, com capacidade fiscal, administrativa e capaz de manter o crescimento econ\u00f4mico\u201d, com a responsabilidade que a gest\u00e3o p\u00fablica exige.<\/p>\n<p>Encerrada a cerim\u00f4nia no plen\u00e1rio legislativo, houve a transmiss\u00e3o de cargos na sede da Prefeitura de Penedo e a nomea\u00e7\u00e3o do secretariado.<\/p>\n<p>Do alto o pr\u00e9dio hist\u00f3rico recuperado, Ronaldo Lopes destacou a realiza\u00e7\u00e3o do trabalho desenvolvido ao longo de dois mandatos consecutivos, ao lado de Marcius Beltr\u00e3o. \u201cForam oito anos de desenvolvimento nas mais diversas \u00e1reas em que a prefeitura atua e isso aumenta a nossa responsabilidade\u201d, disse Ronaldo Lopes, dirigindo-se ao Vice-Prefeito Jo\u00e3o Lucas.<\/p>\n<p>\u201cN\u00f3s estamos recebendo um governo que cumpriu sua miss\u00e3o e as metas que ficam para a nossa gest\u00e3o s\u00e3o ainda maiores\u201d, acrescentou o engenheiro, revelando a emo\u00e7\u00e3o de refazer os passos de seu pai, Dr. H\u00e9lio Nogueira Lopes, prefeito de Penedo no per\u00edodo de 1956 a 1961.<\/p>\n<p>\u201cEu subo essas escadas com a mesma miss\u00e3o que meu pai teve, administrar a cidade que ele e minha m\u00e3e dedicaram toda a vida. Eu sou um pol\u00edtico espelhado em H\u00e9lio Lopes, em meu pai, pol\u00edtico que faz pol\u00edtica visando o bem comum, visando o benef\u00edcio das pessoas\u201d.<\/p>\n<p>&nbsp;<\/p>\n<p><strong>por Fernando Vin\u00edcius \u2013 Decom PMP<\/strong><\/p>\n<p>&nbsp;<\/p>\n","protected":false},"excerpt":{"rendered":"<p>O engenheiro civil Ronaldo Lopes e o radialista Jo\u00e3o Lucas assumiram a gest\u00e3o da Prefeitura de Penedo, renovando o compromisso de trabalhar para os que mais necessitam do poder p\u00fablico. O Prefeito e o Vice-Prefeito eleitos com praticamente a metade de todos os votos registrados para as quatro chapas concorrentes foram empossados na noite de &hellip;<\/p>\n","protected":false},"author":1,"featured_media":11817,"comment_status":"closed","ping_status":"closed","sticky":false,"template":"","format":"standard","meta":{"_jetpack_newsletter_access":"","_jetpack_dont_email_post_to_subs":false,"_jetpack_newsletter_tier_id":0,"_jetpack_memberships_contains_paywalled_content":false,"_jetpack_memberships_contains_paid_content":false,"footnotes":""},"categories":[1],"tags":[],"class_list":["post-11816","post","type-post","status-publish","format-standard","has-post-thumbnail","hentry","category-destaque"],"jetpack_sharing_enabled":true,"jetpack_featured_media_url":"","_links":{"self":[{"href":"https:\/\/www.oparanews.com.br\/index.php\/wp-json\/wp\/v2\/posts\/11816","targetHints":{"allow":["GET"]}}],"collection":[{"href":"https:\/\/www.oparanews.com.br\/index.php\/wp-json\/wp\/v2\/posts"}],"about":[{"href":"https:\/\/www.oparanews.com.br\/index.php\/wp-json\/wp\/v2\/types\/post"}],"author":[{"embeddable":true,"href":"https:\/\/www.oparanews.com.br\/index.php\/wp-json\/wp\/v2\/users\/1"}],"replies":[{"embeddable":true,"href":"https:\/\/www.oparanews.com.br\/index.php\/wp-json\/wp\/v2\/comments?post=11816"}],"version-history":[{"count":0,"href":"https:\/\/www.oparanews.com.br\/index.php\/wp-json\/wp\/v2\/posts\/11816\/revisions"}],"wp:attachment":[{"href":"https:\/\/www.oparanews.com.br\/index.php\/wp-json\/wp\/v2\/media?parent=11816"}],"wp:term":[{"taxonomy":"category","embeddable":true,"href":"https:\/\/www.oparanews.com.br\/index.php\/wp-json\/wp\/v2\/categories?post=11816"},{"taxonomy":"post_tag","embeddable":true,"href":"https:\/\/www.oparanews.com.br\/index.php\/wp-json\/wp\/v2\/tags?post=11816"}],"curies":[{"name":"wp","href":"https:\/\/api.w.org\/{rel}","templated":true}]}}