{"id":11828,"date":"2021-01-04T00:23:03","date_gmt":"2021-01-04T00:23:03","guid":{"rendered":"https:\/\/oparanews.com.br\/?p=11828"},"modified":"2021-01-04T00:23:03","modified_gmt":"2021-01-04T00:23:03","slug":"alagoas-confirma-353-novos-casos-e-mais-sete-mortes-por-covid-19","status":"publish","type":"post","link":"https:\/\/www.oparanews.com.br\/index.php\/2021\/01\/04\/alagoas-confirma-353-novos-casos-e-mais-sete-mortes-por-covid-19\/","title":{"rendered":"Alagoas confirma 353 novos casos e mais sete mortes por Covid-19"},"content":{"rendered":"<p>Alagoas registrou mais 353 novos casos e sete mortes por Covid-19 nas \u00faltimos 24 horas. Os dados s\u00e3o do boletim epidemiol\u00f3gico da Secret\u00e1ria de Estado da Sa\u00fade (Sesau) deste domingo (3).<\/p>\n<p>Desde o in\u00edcio da pandemia, o estado confirmou 105.714 casos e 2.509 \u00f3bitos causados pela doen\u00e7a.<\/p>\n<p>No total, 100.967 pacientes est\u00e3o curados. H\u00e1 ainda 8.415 casos em investiga\u00e7\u00e3o laboratorial. Outra 1.935 pessoas cumprem o isolamento.<\/p>\n<p>Das sete mortes registradas, tr\u00eas eram de pacientes da capital alagoana e quatro do interior.<\/p>\n<p><strong>Boletim de Leitos<\/strong><\/p>\n<p>O boletim de ocupa\u00e7\u00e3o de leitos deste domingo mostrou que 42% dos leitos exclusivos para Covid-19 est\u00e3o ocupados. A taxa de ocupa\u00e7\u00e3o de leitos de UTI \u00e9 de 56%.<\/p>\n<p><strong>Mais sete mortes por Covid-19<\/strong><\/p>\n<p>Macei\u00f3: Homem, 34 anos- obeso<br \/>\nMacei\u00f3: Homem, 47 anos- sem comorbidade<br \/>\nMacei\u00f3: Mulher, 87 anos- era hipertensa e tinha dem\u00eancia<br \/>\nDelmiro Gouveia: Mulher, 16 anos- pu\u00e9rpera e asm\u00e1tica<br \/>\nUni\u00e3o dos Palmares: Mulher, 67 anos- doen\u00e7a card\u00edaca cr\u00f4nica e diabetes<br \/>\nSatuba: Mulher, 73 anos- doen\u00e7a pulmonar obstrutiva cr\u00f4nica<br \/>\nMarechal Deodoro- Homem, 61 anos- diabetes e doen\u00e7a cardiovascular cr\u00f4nica.<\/p>\n<p>&nbsp;<\/p>\n<p><strong>Fonte: G1\/AL<\/strong><\/p>\n<p>&nbsp;<\/p>\n","protected":false},"excerpt":{"rendered":"<p>Alagoas registrou mais 353 novos casos e sete mortes por Covid-19 nas \u00faltimos 24 horas. Os dados s\u00e3o do boletim epidemiol\u00f3gico da Secret\u00e1ria de Estado da Sa\u00fade (Sesau) deste domingo (3). Desde o in\u00edcio da pandemia, o estado confirmou 105.714 casos e 2.509 \u00f3bitos causados pela doen\u00e7a. No total, 100.967 pacientes est\u00e3o curados. H\u00e1 ainda &hellip;<\/p>\n","protected":false},"author":1,"featured_media":6894,"comment_status":"closed","ping_status":"closed","sticky":false,"template":"","format":"standard","meta":{"_jetpack_newsletter_access":"","_jetpack_dont_email_post_to_subs":false,"_jetpack_newsletter_tier_id":0,"_jetpack_memberships_contains_paywalled_content":false,"_jetpack_memberships_contains_paid_content":false,"footnotes":""},"categories":[1],"tags":[],"class_list":["post-11828","post","type-post","status-publish","format-standard","has-post-thumbnail","hentry","category-destaque"],"jetpack_sharing_enabled":true,"jetpack_featured_media_url":"","_links":{"self":[{"href":"https:\/\/www.oparanews.com.br\/index.php\/wp-json\/wp\/v2\/posts\/11828","targetHints":{"allow":["GET"]}}],"collection":[{"href":"https:\/\/www.oparanews.com.br\/index.php\/wp-json\/wp\/v2\/posts"}],"about":[{"href":"https:\/\/www.oparanews.com.br\/index.php\/wp-json\/wp\/v2\/types\/post"}],"author":[{"embeddable":true,"href":"https:\/\/www.oparanews.com.br\/index.php\/wp-json\/wp\/v2\/users\/1"}],"replies":[{"embeddable":true,"href":"https:\/\/www.oparanews.com.br\/index.php\/wp-json\/wp\/v2\/comments?post=11828"}],"version-history":[{"count":0,"href":"https:\/\/www.oparanews.com.br\/index.php\/wp-json\/wp\/v2\/posts\/11828\/revisions"}],"wp:attachment":[{"href":"https:\/\/www.oparanews.com.br\/index.php\/wp-json\/wp\/v2\/media?parent=11828"}],"wp:term":[{"taxonomy":"category","embeddable":true,"href":"https:\/\/www.oparanews.com.br\/index.php\/wp-json\/wp\/v2\/categories?post=11828"},{"taxonomy":"post_tag","embeddable":true,"href":"https:\/\/www.oparanews.com.br\/index.php\/wp-json\/wp\/v2\/tags?post=11828"}],"curies":[{"name":"wp","href":"https:\/\/api.w.org\/{rel}","templated":true}]}}