{"id":11836,"date":"2021-01-04T00:30:11","date_gmt":"2021-01-04T00:30:11","guid":{"rendered":"https:\/\/oparanews.com.br\/?p=11836"},"modified":"2021-01-04T00:30:11","modified_gmt":"2021-01-04T00:30:11","slug":"brasil-chega-a-196-mil-mortos-por-covid-19","status":"publish","type":"post","link":"https:\/\/www.oparanews.com.br\/index.php\/2021\/01\/04\/brasil-chega-a-196-mil-mortos-por-covid-19\/","title":{"rendered":"Brasil chega a 196 mil mortos por Covid-19"},"content":{"rendered":"<p>O cons\u00f3rcio de ve\u00edculos de imprensa divulgou novo levantamento da situa\u00e7\u00e3o da pandemia de coronav\u00edrus no Brasil a partir de dados das secretarias estaduais de Sa\u00fade, consolidados \u00e0s 20h deste domingo (3).<\/p>\n<p>O pa\u00eds registrou 287 mortes pela Covid-19 nas \u00faltimas 24 horas, chegando ao total de 196.029 \u00f3bitos desde o come\u00e7o da pandemia. Com isso, a m\u00e9dia m\u00f3vel de mortes no Brasil nos \u00faltimos 7 dias foi de 698. A varia\u00e7\u00e3o foi de -9% em compara\u00e7\u00e3o \u00e0 m\u00e9dia de 14 dias atr\u00e1s, indicando tend\u00eancia de estabilidade nos \u00f3bitos pela doen\u00e7a.<\/p>\n<p>Os n\u00fameros destes s\u00e1bado e domingo, ainda mais baixos do que os dos \u00faltimos finais de semana, podem ser reflexo de esquemas de plant\u00e3o de Ano Novo adotados localmente nos \u00f3rg\u00e3o respons\u00e1veis pelos registros.<\/p>\n<p>Em casos confirmados, desde o come\u00e7o da pandemia 7.732.071 brasileiros j\u00e1 tiveram ou t\u00eam o novo coronav\u00edrus, com 17.252 desses confirmados no \u00faltimo dia. A m\u00e9dia m\u00f3vel nos \u00faltimos 7 dias foi de 35.810 novos diagn\u00f3sticos por dia. Isso representa uma varia\u00e7\u00e3o de -25% em rela\u00e7\u00e3o aos casos registrados em duas semanas, o que indica tend\u00eancia de queda nos diagn\u00f3sticos.<\/p>\n<p>Oito estados apresentaram alta na m\u00e9dia m\u00f3vel de mortes: AC, TO, SE, RR, AL, RO, PA, AM.<\/p>\n<p>&nbsp;<\/p>\n<p><strong>Fonte: G1<\/strong><\/p>\n<p>&nbsp;<\/p>\n","protected":false},"excerpt":{"rendered":"<p>O cons\u00f3rcio de ve\u00edculos de imprensa divulgou novo levantamento da situa\u00e7\u00e3o da pandemia de coronav\u00edrus no Brasil a partir de dados das secretarias estaduais de Sa\u00fade, consolidados \u00e0s 20h deste domingo (3). O pa\u00eds registrou 287 mortes pela Covid-19 nas \u00faltimas 24 horas, chegando ao total de 196.029 \u00f3bitos desde o come\u00e7o da pandemia. Com &hellip;<\/p>\n","protected":false},"author":1,"featured_media":11837,"comment_status":"closed","ping_status":"closed","sticky":false,"template":"","format":"standard","meta":{"_jetpack_newsletter_access":"","_jetpack_dont_email_post_to_subs":false,"_jetpack_newsletter_tier_id":0,"_jetpack_memberships_contains_paywalled_content":false,"_jetpack_memberships_contains_paid_content":false,"footnotes":""},"categories":[1],"tags":[],"class_list":["post-11836","post","type-post","status-publish","format-standard","has-post-thumbnail","hentry","category-destaque"],"jetpack_sharing_enabled":true,"jetpack_featured_media_url":"","_links":{"self":[{"href":"https:\/\/www.oparanews.com.br\/index.php\/wp-json\/wp\/v2\/posts\/11836","targetHints":{"allow":["GET"]}}],"collection":[{"href":"https:\/\/www.oparanews.com.br\/index.php\/wp-json\/wp\/v2\/posts"}],"about":[{"href":"https:\/\/www.oparanews.com.br\/index.php\/wp-json\/wp\/v2\/types\/post"}],"author":[{"embeddable":true,"href":"https:\/\/www.oparanews.com.br\/index.php\/wp-json\/wp\/v2\/users\/1"}],"replies":[{"embeddable":true,"href":"https:\/\/www.oparanews.com.br\/index.php\/wp-json\/wp\/v2\/comments?post=11836"}],"version-history":[{"count":0,"href":"https:\/\/www.oparanews.com.br\/index.php\/wp-json\/wp\/v2\/posts\/11836\/revisions"}],"wp:attachment":[{"href":"https:\/\/www.oparanews.com.br\/index.php\/wp-json\/wp\/v2\/media?parent=11836"}],"wp:term":[{"taxonomy":"category","embeddable":true,"href":"https:\/\/www.oparanews.com.br\/index.php\/wp-json\/wp\/v2\/categories?post=11836"},{"taxonomy":"post_tag","embeddable":true,"href":"https:\/\/www.oparanews.com.br\/index.php\/wp-json\/wp\/v2\/tags?post=11836"}],"curies":[{"name":"wp","href":"https:\/\/api.w.org\/{rel}","templated":true}]}}