{"id":11845,"date":"2021-01-04T00:41:19","date_gmt":"2021-01-04T00:41:19","guid":{"rendered":"https:\/\/oparanews.com.br\/?p=11845"},"modified":"2021-01-04T00:41:19","modified_gmt":"2021-01-04T00:41:19","slug":"marx-beltrao-testa-positivo-para-covid-19-pela-segunda-vez","status":"publish","type":"post","link":"https:\/\/www.oparanews.com.br\/index.php\/2021\/01\/04\/marx-beltrao-testa-positivo-para-covid-19-pela-segunda-vez\/","title":{"rendered":"Marx Beltr\u00e3o testa positivo para Covid-19 pela segunda vez"},"content":{"rendered":"<p>O deputado federal Marx Beltr\u00e3o (PSD) usou as redes sociais na tarde deste domingo para informar que est\u00e1 com Covid-19 pela segunda vez, engrossando os casos de reinfec\u00e7\u00e3o da doen\u00e7a que v\u00eam sendo registrados na pandemia.<\/p>\n<p>Na postagem no Instagram, o deputado aparece ao lado da esposa Rafaella Costa Beltr\u00e3o, que tamb\u00e9m est\u00e1 contaminada pelo novo coronav\u00edrus.<\/p>\n<p>&#8220;Doming\u00e3o de boa! Junto com @rafaellacostabeltrao ?? nos recuperando do Covid-19, eu pela segunda vez, rafa pela primeira, estamos nos recuperando bem&#8230; j\u00e1 estamos em isolamento h\u00e1 14 dias! #deusnocomando&#8221;, publicou o deputado.<\/p>\n<p>A primeira vez que Marx Beltr\u00e3o testou positivo para a Covid-19 foi em maio do ano passado, ainda no in\u00edcio da pandemia no Brasil. Na \u00e9poca, ele informou, tamb\u00e9m pelas redes sociais, que n\u00e3o apresentava sintomas da doen\u00e7a.<\/p>\n<p>&nbsp;<\/p>\n<p><strong>Fonte: Gazetaweb<\/strong><\/p>\n<p>&nbsp;<\/p>\n","protected":false},"excerpt":{"rendered":"<p>O deputado federal Marx Beltr\u00e3o (PSD) usou as redes sociais na tarde deste domingo para informar que est\u00e1 com Covid-19 pela segunda vez, engrossando os casos de reinfec\u00e7\u00e3o da doen\u00e7a que v\u00eam sendo registrados na pandemia. Na postagem no Instagram, o deputado aparece ao lado da esposa Rafaella Costa Beltr\u00e3o, que tamb\u00e9m est\u00e1 contaminada pelo &hellip;<\/p>\n","protected":false},"author":1,"featured_media":11848,"comment_status":"closed","ping_status":"closed","sticky":false,"template":"","format":"standard","meta":{"_jetpack_newsletter_access":"","_jetpack_dont_email_post_to_subs":false,"_jetpack_newsletter_tier_id":0,"_jetpack_memberships_contains_paywalled_content":false,"_jetpack_memberships_contains_paid_content":false,"footnotes":""},"categories":[1],"tags":[],"class_list":["post-11845","post","type-post","status-publish","format-standard","has-post-thumbnail","hentry","category-destaque"],"jetpack_sharing_enabled":true,"jetpack_featured_media_url":"","_links":{"self":[{"href":"https:\/\/www.oparanews.com.br\/index.php\/wp-json\/wp\/v2\/posts\/11845","targetHints":{"allow":["GET"]}}],"collection":[{"href":"https:\/\/www.oparanews.com.br\/index.php\/wp-json\/wp\/v2\/posts"}],"about":[{"href":"https:\/\/www.oparanews.com.br\/index.php\/wp-json\/wp\/v2\/types\/post"}],"author":[{"embeddable":true,"href":"https:\/\/www.oparanews.com.br\/index.php\/wp-json\/wp\/v2\/users\/1"}],"replies":[{"embeddable":true,"href":"https:\/\/www.oparanews.com.br\/index.php\/wp-json\/wp\/v2\/comments?post=11845"}],"version-history":[{"count":0,"href":"https:\/\/www.oparanews.com.br\/index.php\/wp-json\/wp\/v2\/posts\/11845\/revisions"}],"wp:attachment":[{"href":"https:\/\/www.oparanews.com.br\/index.php\/wp-json\/wp\/v2\/media?parent=11845"}],"wp:term":[{"taxonomy":"category","embeddable":true,"href":"https:\/\/www.oparanews.com.br\/index.php\/wp-json\/wp\/v2\/categories?post=11845"},{"taxonomy":"post_tag","embeddable":true,"href":"https:\/\/www.oparanews.com.br\/index.php\/wp-json\/wp\/v2\/tags?post=11845"}],"curies":[{"name":"wp","href":"https:\/\/api.w.org\/{rel}","templated":true}]}}