{"id":11850,"date":"2021-01-04T00:58:05","date_gmt":"2021-01-04T00:58:05","guid":{"rendered":"https:\/\/oparanews.com.br\/?p=11850"},"modified":"2021-01-04T00:58:05","modified_gmt":"2021-01-04T00:58:05","slug":"pandemia-interfere-na-programacao-de-bom-jesus-dos-navegantes-em-penedo","status":"publish","type":"post","link":"https:\/\/www.oparanews.com.br\/index.php\/2021\/01\/04\/pandemia-interfere-na-programacao-de-bom-jesus-dos-navegantes-em-penedo\/","title":{"rendered":"Pandemia interfere na programa\u00e7\u00e3o de Bom Jesus dos Navegantes em Penedo"},"content":{"rendered":"<p>A maior celebra\u00e7\u00e3o religiosa realizada em munic\u00edpios banhados pelo rio S\u00e3o Francisco, entre Alagoas e Sergipe, ter\u00e1 sua programa\u00e7\u00e3o modificada por causa do novo coronav\u00edrus.<\/p>\n<p>Neste ano de 2021, n\u00e3o haver\u00e1 prociss\u00e3o terrestre em Penedo e nem shows art\u00edsticos, de grande porte, durante os festejos ao Glorioso Bom Jesus dos Navegantes.<\/p>\n<p>A devo\u00e7\u00e3o ao santo padroeiro dos ribeirinhos re\u00fane milhares de devotos a cada segundo domingo do m\u00eas de janeiro, na cidade que realiza a 137\u00aa edi\u00e7\u00e3o das comemora\u00e7\u00f5es.<\/p>\n<p><strong>Pandemia<\/strong><\/p>\n<p>As modifica\u00e7\u00f5es causadas pela pandemia foram debatidas com representantes da Diocese de Penedo, comunidade da Santa Cruz (par\u00f3quia sede da celebra\u00e7\u00e3o), Pol\u00edcia Militar, Corpo de Bombeiros, Marinha, Guarda Patrimonial, SMTT, Secretaria de Sa\u00fade, Secretaria de Servi\u00e7os P\u00fablicos e Departamento de Comunica\u00e7\u00e3o.<\/p>\n<p>Considerando a impossibilidade de realizar eventos que re\u00fanam mais de 300 pessoas, conforme decreto estadual, a prociss\u00e3o terrestre est\u00e1 cancelada. Em seu lugar, a imagem de Bom Jesus dos Navegantes ser\u00e1 transportada em carro aberto.<\/p>\n<p><strong>Prociss\u00e3o<\/strong><\/p>\n<p>Todo o percurso a ser realizado na tarde de domingo, 10 de janeiro, ser\u00e1 divulgado posteriormente, sendo o trajeto estendido at\u00e9 a parte alta da cidade at\u00e9 ser conclu\u00eddo no porto, onde ocorre o embarque para a tradicional prociss\u00e3o fluvial que precisa ser conclu\u00edda at\u00e9 as 17h30, conforme orienta\u00e7\u00e3o da Marinha.<\/p>\n<p>Ainda em fun\u00e7\u00e3o da Covid, a lota\u00e7\u00e3o de todas as embarca\u00e7\u00f5es dever\u00e1 ser reduzida. Outro aspecto \u00e9 que o acesso \u00e0 balsa ocorrer\u00e1 de forma antecipada, exclusivamente para as pessoas credenciadas pela Diocese de Penedo.<\/p>\n<p><strong>Modelo<\/strong><\/p>\n<p>A Secret\u00e1ria Aliny Costa frisou que o planejamento do Bom Jesus 2021 tem como refer\u00eancia o limite de p\u00fablico estabelecido na atual fase da pandemia e que o modelo adotado para os festejos em Penedo \u00e9 aguardado por outros munic\u00edpios ribeirinhos.<\/p>\n<p>A gestora da SEMCLEJ acrescentou que tendas ser\u00e3o colocadas diante do palco onde ocorrer\u00e1 a missa campal, ap\u00f3s a prociss\u00e3o fluvial, na Avenida Duque de Caxias, nas imedia\u00e7\u00f5es da Pra\u00e7a da Santa Cruz. O espa\u00e7o comportar\u00e1 a capacidade limite imposta pela necessidade de evitar a dissemina\u00e7\u00e3o do coronav\u00edrus, observando distanciamento entre as cadeiras e outras medidas de preven\u00e7\u00e3o.<\/p>\n<p>&nbsp;<\/p>\n<p><strong>Fonte: Decom &#8211; PMP<\/strong><\/p>\n<p>&nbsp;<\/p>\n","protected":false},"excerpt":{"rendered":"<p>A maior celebra\u00e7\u00e3o religiosa realizada em munic\u00edpios banhados pelo rio S\u00e3o Francisco, entre Alagoas e Sergipe, ter\u00e1 sua programa\u00e7\u00e3o modificada por causa do novo coronav\u00edrus. Neste ano de 2021, n\u00e3o haver\u00e1 prociss\u00e3o terrestre em Penedo e nem shows art\u00edsticos, de grande porte, durante os festejos ao Glorioso Bom Jesus dos Navegantes. A devo\u00e7\u00e3o ao santo &hellip;<\/p>\n","protected":false},"author":1,"featured_media":11851,"comment_status":"closed","ping_status":"closed","sticky":false,"template":"","format":"standard","meta":{"_jetpack_newsletter_access":"","_jetpack_dont_email_post_to_subs":false,"_jetpack_newsletter_tier_id":0,"_jetpack_memberships_contains_paywalled_content":false,"_jetpack_memberships_contains_paid_content":false,"footnotes":""},"categories":[1],"tags":[],"class_list":["post-11850","post","type-post","status-publish","format-standard","has-post-thumbnail","hentry","category-destaque"],"jetpack_sharing_enabled":true,"jetpack_featured_media_url":"","_links":{"self":[{"href":"https:\/\/www.oparanews.com.br\/index.php\/wp-json\/wp\/v2\/posts\/11850","targetHints":{"allow":["GET"]}}],"collection":[{"href":"https:\/\/www.oparanews.com.br\/index.php\/wp-json\/wp\/v2\/posts"}],"about":[{"href":"https:\/\/www.oparanews.com.br\/index.php\/wp-json\/wp\/v2\/types\/post"}],"author":[{"embeddable":true,"href":"https:\/\/www.oparanews.com.br\/index.php\/wp-json\/wp\/v2\/users\/1"}],"replies":[{"embeddable":true,"href":"https:\/\/www.oparanews.com.br\/index.php\/wp-json\/wp\/v2\/comments?post=11850"}],"version-history":[{"count":0,"href":"https:\/\/www.oparanews.com.br\/index.php\/wp-json\/wp\/v2\/posts\/11850\/revisions"}],"wp:attachment":[{"href":"https:\/\/www.oparanews.com.br\/index.php\/wp-json\/wp\/v2\/media?parent=11850"}],"wp:term":[{"taxonomy":"category","embeddable":true,"href":"https:\/\/www.oparanews.com.br\/index.php\/wp-json\/wp\/v2\/categories?post=11850"},{"taxonomy":"post_tag","embeddable":true,"href":"https:\/\/www.oparanews.com.br\/index.php\/wp-json\/wp\/v2\/tags?post=11850"}],"curies":[{"name":"wp","href":"https:\/\/api.w.org\/{rel}","templated":true}]}}