{"id":11859,"date":"2021-01-05T00:36:08","date_gmt":"2021-01-05T00:36:08","guid":{"rendered":"https:\/\/oparanews.com.br\/?p=11859"},"modified":"2021-01-05T00:36:08","modified_gmt":"2021-01-05T00:36:08","slug":"crb-anuncia-a-renovacao-de-contrato-do-atacante-luidy","status":"publish","type":"post","link":"https:\/\/www.oparanews.com.br\/index.php\/2021\/01\/05\/crb-anuncia-a-renovacao-de-contrato-do-atacante-luidy\/","title":{"rendered":"CRB anuncia a renova\u00e7\u00e3o de contrato do atacante Luidy"},"content":{"rendered":"<p>Ao mesmo tempo em que a temporada de 2020 vai chegando ao seu final para o CRB na S\u00e9rie B, a diretoria j\u00e1 come\u00e7a a pensar no planejamento do clube para este ano de 2021.<\/p>\n<p>Nesta segunda-feira (4), a diretoria do Galo informou que o atacante Luidy encerrou o seu v\u00ednculo com o Corinthians e renovou contrato com o CRB para a pr\u00f3xima temporada.<\/p>\n<p>Luidy, de 24 anos, chegou ao CRB no in\u00edcio de 2020 e tamb\u00e9m atuou em 44 partidas. Fez cinco gols. Ele esteve em campo em oito jogos do Campeonato Alagoano, cinco do Nordest\u00e3o, cinco pela Copa do Brasil e 26 pelo Brasileiro.<\/p>\n<p>Na vit\u00f3ria contra o Ava\u00ed, por 1 a 0, na Ressacada, o atacante iniciou a partida como titular, mas acabou sendo substitu\u00eddo por Iago Dias, aos 23 minutos do segundo tempo.<\/p>\n<p>Presidente do CRB, Marcos Barbosa afirmou que ele e sua diretoria seguem trabalhando noite adentro para otimizar o trabalho de formata\u00e7\u00e3o do elenco visando \u00e0 pr\u00f3xima temporada.<\/p>\n<p>Com 40 pontos, o CRB est\u00e1 na 13\u00aa coloca\u00e7\u00e3o no Brasileiro da S\u00e9rie B e volta a jogar na sexta (8), \u00e0s 19h15. O Galo recebe o Confian\u00e7a no Est\u00e1dio Rei Pel\u00e9.<\/p>\n<p>&nbsp;<\/p>\n<p><strong>Fonte: Gazetaweb<\/strong><\/p>\n<p>&nbsp;<\/p>\n","protected":false},"excerpt":{"rendered":"<p>Ao mesmo tempo em que a temporada de 2020 vai chegando ao seu final para o CRB na S\u00e9rie B, a diretoria j\u00e1 come\u00e7a a pensar no planejamento do clube para este ano de 2021. Nesta segunda-feira (4), a diretoria do Galo informou que o atacante Luidy encerrou o seu v\u00ednculo com o Corinthians e &hellip;<\/p>\n","protected":false},"author":1,"featured_media":11860,"comment_status":"closed","ping_status":"closed","sticky":false,"template":"","format":"standard","meta":{"_jetpack_newsletter_access":"","_jetpack_dont_email_post_to_subs":false,"_jetpack_newsletter_tier_id":0,"_jetpack_memberships_contains_paywalled_content":false,"_jetpack_memberships_contains_paid_content":false,"footnotes":""},"categories":[1],"tags":[],"class_list":["post-11859","post","type-post","status-publish","format-standard","has-post-thumbnail","hentry","category-destaque"],"jetpack_sharing_enabled":true,"jetpack_featured_media_url":"","_links":{"self":[{"href":"https:\/\/www.oparanews.com.br\/index.php\/wp-json\/wp\/v2\/posts\/11859","targetHints":{"allow":["GET"]}}],"collection":[{"href":"https:\/\/www.oparanews.com.br\/index.php\/wp-json\/wp\/v2\/posts"}],"about":[{"href":"https:\/\/www.oparanews.com.br\/index.php\/wp-json\/wp\/v2\/types\/post"}],"author":[{"embeddable":true,"href":"https:\/\/www.oparanews.com.br\/index.php\/wp-json\/wp\/v2\/users\/1"}],"replies":[{"embeddable":true,"href":"https:\/\/www.oparanews.com.br\/index.php\/wp-json\/wp\/v2\/comments?post=11859"}],"version-history":[{"count":0,"href":"https:\/\/www.oparanews.com.br\/index.php\/wp-json\/wp\/v2\/posts\/11859\/revisions"}],"wp:attachment":[{"href":"https:\/\/www.oparanews.com.br\/index.php\/wp-json\/wp\/v2\/media?parent=11859"}],"wp:term":[{"taxonomy":"category","embeddable":true,"href":"https:\/\/www.oparanews.com.br\/index.php\/wp-json\/wp\/v2\/categories?post=11859"},{"taxonomy":"post_tag","embeddable":true,"href":"https:\/\/www.oparanews.com.br\/index.php\/wp-json\/wp\/v2\/tags?post=11859"}],"curies":[{"name":"wp","href":"https:\/\/api.w.org\/{rel}","templated":true}]}}