{"id":11862,"date":"2021-01-05T00:38:26","date_gmt":"2021-01-05T00:38:26","guid":{"rendered":"https:\/\/oparanews.com.br\/?p=11862"},"modified":"2021-01-05T00:38:26","modified_gmt":"2021-01-05T00:38:26","slug":"prefeitura-de-penedo-transmitira-ao-vivo-celebracao-do-bom-jesus-dos-navegantes","status":"publish","type":"post","link":"https:\/\/www.oparanews.com.br\/index.php\/2021\/01\/05\/prefeitura-de-penedo-transmitira-ao-vivo-celebracao-do-bom-jesus-dos-navegantes\/","title":{"rendered":"Prefeitura de Penedo transmitir\u00e1, ao vivo, celebra\u00e7\u00e3o do Bom Jesus dos Navegantes"},"content":{"rendered":"<p>Penedo celebra no pr\u00f3ximo domingo, 10, os festejos ao Glorioso Bom Jesus dos Navegantes, sob o impacto da Covid-19. A pandemia cuja vacina ainda n\u00e3o est\u00e1 dispon\u00edvel para os brasileiros pode ser enfrentada com medidas preventivas, entre elas o uso de m\u00e1scara e o respeito ao distanciamento social.<\/p>\n<p>A cautela que o momento exige gerou modifica\u00e7\u00f5es no formato dos festejos. Este ano, n\u00e3o haver\u00e1 prociss\u00e3o terrestre e nem shows com atra\u00e7\u00f5es de n\u00edvel nacional, modelo que elevou o Bom Jesus de Penedo ao n\u00edvel de maior evento popular, de car\u00e1ter religioso e festivo, realizado em Alagoas.<\/p>\n<p>Em respeito \u00e0 f\u00e9 dos devotos do santo padroeiro do povo ribeirinho, a celebra\u00e7\u00e3o ser\u00e1 transmitida pelas redes sociais da Prefeitura de Penedo e da Catedral Diocesana.<\/p>\n<p>A parceria que tamb\u00e9m envolve a m\u00eddia local permitir\u00e1 que qualquer pessoa acompanhe a programa\u00e7\u00e3o a partir da noite de quinta-feira, 07, quando ocorre a primeira missa campal na estrutura que est\u00e1 sendo montada na Avenida Duque de Caxias, nas imedia\u00e7\u00f5es da Igreja da Santa Cruz, par\u00f3quia onde a celebra\u00e7\u00e3o ocorre h\u00e1 137 anos.<\/p>\n<p>O tr\u00edduo de louvor ser\u00e1 realizado sob tendas e com cadeiras para o p\u00fablico, assentos dispostos observando a necessidade do distanciamento adequado para evitar a dissemina\u00e7\u00e3o do coronav\u00edrus.<\/p>\n<p>Carreata<\/p>\n<p>No domingo, 10, a prociss\u00e3o feita entre a Santa Cruz e o porto das balsas ocorrer\u00e1 no formato carreata. A imagem do Bom Jesus dos Navegantes ser\u00e1 retirada \u00e0s 15 horas para ser transportada, em carro aberto, pelas ruas Fernando Peixoto, Manoel Braz, Campos Teixeira, S\u00e3o Miguel e Avenida Duque de Caxias, percurso feito tradicionalmente a p\u00e9.<\/p>\n<p>A passagem para a balsa ocorrer\u00e1 com mais rigor e disciplinamento, atendendo pedido dos \u00f3rg\u00e3os de seguran\u00e7a (Pol\u00edcia Militar, Marinha e Bombeiros). O embarque das pessoas credenciadas pela Diocese de Penedo ocorrer\u00e1 com anteced\u00eancia e a organiza\u00e7\u00e3o pede que as pessoas assistam de suas casas, pela Internet.<\/p>\n<p>Ser\u00e1 poss\u00edvel acompanhar imagens da prociss\u00e3o pelo Rio S\u00e3o Francisco e o retorno do Bom Jesus ao porto de Penedo. Ap\u00f3s a retirada da imagem da balsa, uma nova carreata ser\u00e1 realizada, agora em dire\u00e7\u00e3o \u00e0 parte alta da cidade.<\/p>\n<p>Na porta de sua casa, o devoto ser\u00e1 aben\u00e7oado, sendo o percurso feito pelas ruas Gomes de Assun\u00e7\u00e3o, Jo\u00e3o Pessoa, Avenida Get\u00falio Vargas, Rodovia Engenheiro Joaquim Gon\u00e7alves, Trevo de Bom Jesus e Rodovia M\u00e1rio Freire Leahy, seguindo em dire\u00e7\u00e3o ao Bairro Senhor do Bonfim\/Oiteiro, continuando pela Avenida Ant\u00f4nio Nunes para entrar na comunidade Nossa Senhora de F\u00e1tima\/Coreia.<\/p>\n<p>Em seguida, a carreata passar\u00e1 pelas ruas Fernando Peixoto, Joaquim Nabuco, Avenida Duque de Caxias e Beira Rio, chegando finalmente ao palco da celebra\u00e7\u00e3o eucar\u00edstica que concluir\u00e1,em 2021, os festejos a Bom Jesus dos Navegantes, em Penedo.<\/p>\n<p>PROGRAMA\u00c7\u00c3O DA FESTA DE BOM JESUS DOS NAVEGANTES \u2013 2021<\/p>\n<p>137 anos de Devo\u00e7\u00e3o e F\u00e9<\/p>\n<p>TEMA: \u201cCOM BOM JESUS DOS NAVEGANTES, QUEREMOS PROCLAMAR O REINO DE DEUS \u00c0 TODA CRIATURA\u201d<\/p>\n<p>TR\u00cdDUO DE LOUVOR<\/p>\n<p>07.01.2021\/Quinta-feira<\/p>\n<p>06h00 \u2013 Salva de Fogos<\/p>\n<p>12h00 \u2013 Salva de Fogos<\/p>\n<p>18h00 \u2013 Salva de Fogos<\/p>\n<p>19h00 \u2013 Celebra\u00e7\u00e3o Eucar\u00edstica (CAMPAL) Padre Edinaldo da Silva Santos<\/p>\n<p>Anima\u00e7\u00e3o Lit\u00fargica: Coral ANIMA CHRISTI<\/p>\n<p>08.01.2021\/Sexta-feira<\/p>\n<p>06h00 \u2013 Salva de Fogos<\/p>\n<p>12h00 \u2013 Salva de Fogos<\/p>\n<p>18h00 \u2013 Salva de Fogos<\/p>\n<p>19h00 \u2013 Celebra\u00e7\u00e3o Eucar\u00edstica (CAMPAL) Padre Geraldo Barbosa (Traip\u00fa)<\/p>\n<p>Anima\u00e7\u00e3o Lit\u00fargica: Coral RCC<\/p>\n<p>09.01.2021\/S\u00e1bado<\/p>\n<p>06h00 \u2013 Salva de Fogos<\/p>\n<p>12h00 \u2013 Salva de Fogos<\/p>\n<p>18h00 \u2013 Salva de Fogos<\/p>\n<p>19h00 \u2013 Celebra\u00e7\u00e3o Eucar\u00edstica (CAMPAL) Padre Eduardo Alves<\/p>\n<p>Anima\u00e7\u00e3o Lit\u00fargica: Coral VOX POPULI<\/p>\n<p>10.01.2021\/Domingo \u2013 Romaria do Bom Jesus dos Navegantes<\/p>\n<p>06h00 \u2013 Salva de Fogos<\/p>\n<p>09h00 \u2013 Celebra\u00e7\u00e3o Eucar\u00edstica (CAMPAL) Padre Edinaldo Santos<\/p>\n<p>Anima\u00e7\u00e3o Lit\u00fargica: CASA DE RANQUINES<\/p>\n<p>10h30 Catedral \u2013 Realiza\u00e7\u00e3o de Batizados<\/p>\n<p>12h00 \u2013 Salva de Fogos<\/p>\n<p>15h00 \u2013 Sa\u00edda da Prociss\u00e3o Carreata da Capela de Santa Cruz com o Andor do Glorioso Bom Jesus dos Navegantes, em carro, passando pelas ruas Fernando Peixoto, Manoel Braz, Campos Teixeira, S\u00e3o Miguel e Av. Duque de Caxias em dire\u00e7\u00e3o ao cais do porto Rio S\u00e3o Francisco, para realiza\u00e7\u00e3o da prociss\u00e3o fluvial. Ap\u00f3s o retorno, a prociss\u00e3o segue em carreata pelas ruas Gomes de Assun\u00e7\u00e3o, Jo\u00e3o Pessoa, Av. Get\u00falio Vargas, Rodovia Eng. Joaquim Gon\u00e7alves, Trevo de Bom Jesus, Rodovia M\u00e1rio Freire Leahy, Bairro Senhor do Bonfim (Oiteiro), Av. Ant\u00f4nio Nunes, Nossa Senhora de F\u00e1tima (Cor\u00e9ia) e ruas Fernando Peixoto, Joaquim Nabuco, Duque de Caxias, Beira Rio, at\u00e9 o local das Celebra\u00e7\u00f5es Eucar\u00edsticas.<\/p>\n<p>18h00 \u2013 Celebra\u00e7\u00e3o da Santa Missa Campal<\/p>\n<p>Presidente da Celebra\u00e7\u00e3o: Adm. da Diocese Padre Daniel Nascimento (Concelebrada com todos os Padres da Cidade)<\/p>\n<p>Anima\u00e7\u00e3o Lit\u00fargica: Grupo JUVENTUDE<\/p>\n<p>&nbsp;<\/p>\n<p><strong><b>por Fernando Vin\u00edcius \u2013 Decom\/PMP<\/b><\/strong><\/p>\n<p>&nbsp;<\/p>\n","protected":false},"excerpt":{"rendered":"<p>Penedo celebra no pr\u00f3ximo domingo, 10, os festejos ao Glorioso Bom Jesus dos Navegantes, sob o impacto da Covid-19. A pandemia cuja vacina ainda n\u00e3o est\u00e1 dispon\u00edvel para os brasileiros pode ser enfrentada com medidas preventivas, entre elas o uso de m\u00e1scara e o respeito ao distanciamento social. A cautela que o momento exige gerou &hellip;<\/p>\n","protected":false},"author":1,"featured_media":11863,"comment_status":"closed","ping_status":"closed","sticky":false,"template":"","format":"standard","meta":{"_jetpack_newsletter_access":"","_jetpack_dont_email_post_to_subs":false,"_jetpack_newsletter_tier_id":0,"_jetpack_memberships_contains_paywalled_content":false,"_jetpack_memberships_contains_paid_content":false,"footnotes":""},"categories":[1],"tags":[],"class_list":["post-11862","post","type-post","status-publish","format-standard","has-post-thumbnail","hentry","category-destaque"],"jetpack_sharing_enabled":true,"jetpack_featured_media_url":"","_links":{"self":[{"href":"https:\/\/www.oparanews.com.br\/index.php\/wp-json\/wp\/v2\/posts\/11862","targetHints":{"allow":["GET"]}}],"collection":[{"href":"https:\/\/www.oparanews.com.br\/index.php\/wp-json\/wp\/v2\/posts"}],"about":[{"href":"https:\/\/www.oparanews.com.br\/index.php\/wp-json\/wp\/v2\/types\/post"}],"author":[{"embeddable":true,"href":"https:\/\/www.oparanews.com.br\/index.php\/wp-json\/wp\/v2\/users\/1"}],"replies":[{"embeddable":true,"href":"https:\/\/www.oparanews.com.br\/index.php\/wp-json\/wp\/v2\/comments?post=11862"}],"version-history":[{"count":0,"href":"https:\/\/www.oparanews.com.br\/index.php\/wp-json\/wp\/v2\/posts\/11862\/revisions"}],"wp:attachment":[{"href":"https:\/\/www.oparanews.com.br\/index.php\/wp-json\/wp\/v2\/media?parent=11862"}],"wp:term":[{"taxonomy":"category","embeddable":true,"href":"https:\/\/www.oparanews.com.br\/index.php\/wp-json\/wp\/v2\/categories?post=11862"},{"taxonomy":"post_tag","embeddable":true,"href":"https:\/\/www.oparanews.com.br\/index.php\/wp-json\/wp\/v2\/tags?post=11862"}],"curies":[{"name":"wp","href":"https:\/\/api.w.org\/{rel}","templated":true}]}}