{"id":11865,"date":"2021-01-05T00:42:01","date_gmt":"2021-01-05T00:42:01","guid":{"rendered":"https:\/\/oparanews.com.br\/?p=11865"},"modified":"2021-01-05T00:42:01","modified_gmt":"2021-01-05T00:42:01","slug":"santos-acerta-a-venda-de-lucas-verissimo-ao-benfica","status":"publish","type":"post","link":"https:\/\/www.oparanews.com.br\/index.php\/2021\/01\/05\/santos-acerta-a-venda-de-lucas-verissimo-ao-benfica\/","title":{"rendered":"Santos acerta a venda de Lucas Ver\u00edssimo ao Benfica"},"content":{"rendered":"<p>Chegou ao fim a novela envolvendo Santos, Lucas Ver\u00edssimo e Benfica (Portugal). O Peixe acertou nesta segunda-feira (4) a venda do zagueiro para o clube portugu\u00eas por 6,5 milh\u00f5es de euros (cerca de R$ 41 mi), mas com a garantia de que o defensor fica no time at\u00e9 o final da disputa da Copa Libertadores da Am\u00e9rica.<\/p>\n<p>O valor da proposta \u00e9 o mesmo dos apresentados \u00e0 gest\u00e3o Orlando Rollo. S\u00e3o 6,5 milh\u00f5es de euros que os portugueses pagariam ao defensor. O pagamento ser\u00e1 feito em tr\u00eas vezes. A primeira parte agora, com outras duas parcelas nos fins de 2021 e 2022.<\/p>\n<p>A forma de pagamento era justamente o que vinha travando a possibilidade da negocia\u00e7\u00e3o ainda em 2020. O Benfica prop\u00f4s pagar parcelado, mas o Conselho Fiscal do Santos reprovou e nem chegou a colocar em vota\u00e7\u00e3o no plen\u00e1rio (era necess\u00e1rio por ser per\u00edodo eleitoral). Mesmo com os portugueses diminuindo o prazo para pagamento (de cinco para tr\u00eas vezes), a negocia\u00e7\u00e3o n\u00e3o evolu\u00eda.<\/p>\n<p>A recusa do Santos ao Benfica gerou um inc\u00f4modo com Lucas Ver\u00edssimo. O zagueiro deixou clara sua vontade de jogar no futebol europeu, ficou frustrado com mais uma negocia\u00e7\u00e3o que n\u00e3o se concretizou e chegou a pedir para n\u00e3o jogar, inclusive na Libertadores. Andres Rueda foi decisivo na concretiza\u00e7\u00e3o do neg\u00f3cio.<\/p>\n<p>O Santos joga as semifinais da Libertadores nos dias 6 e 13 de janeiro, as duas pr\u00f3ximas quartas-feiras. O advers\u00e1rio ser\u00e1 o Boca Juniors, com a primeira partida em La Bombonera e a segunda na Vila Belmiro. A final est\u00e1 marcada para dia 30 de janeiro, um s\u00e1bado, no Maracan\u00e3.<\/p>\n<p>&nbsp;<\/p>\n<p><strong>Fonte: Lance!<\/strong><\/p>\n<p>&nbsp;<\/p>\n","protected":false},"excerpt":{"rendered":"<p>Chegou ao fim a novela envolvendo Santos, Lucas Ver\u00edssimo e Benfica (Portugal). O Peixe acertou nesta segunda-feira (4) a venda do zagueiro para o clube portugu\u00eas por 6,5 milh\u00f5es de euros (cerca de R$ 41 mi), mas com a garantia de que o defensor fica no time at\u00e9 o final da disputa da Copa Libertadores &hellip;<\/p>\n","protected":false},"author":1,"featured_media":11866,"comment_status":"closed","ping_status":"closed","sticky":false,"template":"","format":"standard","meta":{"_jetpack_newsletter_access":"","_jetpack_dont_email_post_to_subs":false,"_jetpack_newsletter_tier_id":0,"_jetpack_memberships_contains_paywalled_content":false,"_jetpack_memberships_contains_paid_content":false,"footnotes":""},"categories":[1],"tags":[],"class_list":["post-11865","post","type-post","status-publish","format-standard","has-post-thumbnail","hentry","category-destaque"],"jetpack_sharing_enabled":true,"jetpack_featured_media_url":"","_links":{"self":[{"href":"https:\/\/www.oparanews.com.br\/index.php\/wp-json\/wp\/v2\/posts\/11865","targetHints":{"allow":["GET"]}}],"collection":[{"href":"https:\/\/www.oparanews.com.br\/index.php\/wp-json\/wp\/v2\/posts"}],"about":[{"href":"https:\/\/www.oparanews.com.br\/index.php\/wp-json\/wp\/v2\/types\/post"}],"author":[{"embeddable":true,"href":"https:\/\/www.oparanews.com.br\/index.php\/wp-json\/wp\/v2\/users\/1"}],"replies":[{"embeddable":true,"href":"https:\/\/www.oparanews.com.br\/index.php\/wp-json\/wp\/v2\/comments?post=11865"}],"version-history":[{"count":0,"href":"https:\/\/www.oparanews.com.br\/index.php\/wp-json\/wp\/v2\/posts\/11865\/revisions"}],"wp:attachment":[{"href":"https:\/\/www.oparanews.com.br\/index.php\/wp-json\/wp\/v2\/media?parent=11865"}],"wp:term":[{"taxonomy":"category","embeddable":true,"href":"https:\/\/www.oparanews.com.br\/index.php\/wp-json\/wp\/v2\/categories?post=11865"},{"taxonomy":"post_tag","embeddable":true,"href":"https:\/\/www.oparanews.com.br\/index.php\/wp-json\/wp\/v2\/tags?post=11865"}],"curies":[{"name":"wp","href":"https:\/\/api.w.org\/{rel}","templated":true}]}}