{"id":11873,"date":"2021-01-05T20:16:25","date_gmt":"2021-01-05T20:16:25","guid":{"rendered":"https:\/\/oparanews.com.br\/?p=11873"},"modified":"2021-01-05T20:16:25","modified_gmt":"2021-01-05T20:16:25","slug":"alagoas-confirma-378-novos-casos-e-mais-6-mortes-por-covid-19","status":"publish","type":"post","link":"https:\/\/www.oparanews.com.br\/index.php\/2021\/01\/05\/alagoas-confirma-378-novos-casos-e-mais-6-mortes-por-covid-19\/","title":{"rendered":"Alagoas confirma 378 novos casos e mais 6 mortes por Covid-19"},"content":{"rendered":"<p>O estado de Alagoas registrou 106.410 casos confirmados e 2.521 mortes por Covid-19 desde o come\u00e7o da pandemia, segundo o boletim epidemiol\u00f3gico da Secretaria de Estado da Sa\u00fade (Sesau) desta ter\u00e7a-feira (5).<\/p>\n<p>Nas \u00faltimas 24 horas, foram confirmados 378 casos e seis \u00f3bitos causados pela doen\u00e7a no estado.<\/p>\n<p>Macei\u00f3 confirmou 203 novos casos e mais 3 mortes por Covid-19. A capital apresentou aumento de casos e mortes nas duas \u00faltimas semanas, segundo pesquisadores da Ufal.<\/p>\n<p>H\u00e1 7.742 casos suspeitos em Alagoas, que s\u00e3o de pessoas que fizeram teste para Covid-19, mas ainda aguardam resultado.<\/p>\n<p>O total de pessoas que se recuperaram da doen\u00e7a chegou a 101.352.<\/p>\n<p>At\u00e9 a manh\u00e3 desta ter\u00e7a, a taxa de ocupa\u00e7\u00e3o de leitos para pacientes com suspeita ou confirma\u00e7\u00e3o de Covid-19 estava em 46%. Considerando somente os leitos de UTI, a ocupa\u00e7\u00e3o estava em 56%.<\/p>\n<p><strong>Mais seis mortes por Covid-19<\/strong><\/p>\n<p>Macei\u00f3: Homem, 62 anos \u2013 diab\u00e9tico e hipertenso<br \/>\nMacei\u00f3: Homem, 64 anos \u2013 diab\u00e9tico e etilista<br \/>\nMacei\u00f3: Homem, 84 anos \u2013 diabetes<br \/>\nCoruripe: Homem, 66 anos \u2013 diabetes<br \/>\nPilar: Mulher, 67 anos \u2013 fibrose pulmonar e artrite reumatoide<br \/>\nMata Grande: Mulher, 87 anos \u2013 doen\u00e7a cardiovascular<\/p>\n<p>&nbsp;<\/p>\n<p><strong>Fonte: G1\/AL<\/strong><\/p>\n<p>&nbsp;<\/p>\n","protected":false},"excerpt":{"rendered":"<p>O estado de Alagoas registrou 106.410 casos confirmados e 2.521 mortes por Covid-19 desde o come\u00e7o da pandemia, segundo o boletim epidemiol\u00f3gico da Secretaria de Estado da Sa\u00fade (Sesau) desta ter\u00e7a-feira (5). Nas \u00faltimas 24 horas, foram confirmados 378 casos e seis \u00f3bitos causados pela doen\u00e7a no estado. Macei\u00f3 confirmou 203 novos casos e mais &hellip;<\/p>\n","protected":false},"author":1,"featured_media":7389,"comment_status":"closed","ping_status":"closed","sticky":false,"template":"","format":"standard","meta":{"_jetpack_newsletter_access":"","_jetpack_dont_email_post_to_subs":false,"_jetpack_newsletter_tier_id":0,"_jetpack_memberships_contains_paywalled_content":false,"_jetpack_memberships_contains_paid_content":false,"footnotes":""},"categories":[1],"tags":[],"class_list":["post-11873","post","type-post","status-publish","format-standard","has-post-thumbnail","hentry","category-destaque"],"jetpack_sharing_enabled":true,"jetpack_featured_media_url":"","_links":{"self":[{"href":"https:\/\/www.oparanews.com.br\/index.php\/wp-json\/wp\/v2\/posts\/11873","targetHints":{"allow":["GET"]}}],"collection":[{"href":"https:\/\/www.oparanews.com.br\/index.php\/wp-json\/wp\/v2\/posts"}],"about":[{"href":"https:\/\/www.oparanews.com.br\/index.php\/wp-json\/wp\/v2\/types\/post"}],"author":[{"embeddable":true,"href":"https:\/\/www.oparanews.com.br\/index.php\/wp-json\/wp\/v2\/users\/1"}],"replies":[{"embeddable":true,"href":"https:\/\/www.oparanews.com.br\/index.php\/wp-json\/wp\/v2\/comments?post=11873"}],"version-history":[{"count":0,"href":"https:\/\/www.oparanews.com.br\/index.php\/wp-json\/wp\/v2\/posts\/11873\/revisions"}],"wp:attachment":[{"href":"https:\/\/www.oparanews.com.br\/index.php\/wp-json\/wp\/v2\/media?parent=11873"}],"wp:term":[{"taxonomy":"category","embeddable":true,"href":"https:\/\/www.oparanews.com.br\/index.php\/wp-json\/wp\/v2\/categories?post=11873"},{"taxonomy":"post_tag","embeddable":true,"href":"https:\/\/www.oparanews.com.br\/index.php\/wp-json\/wp\/v2\/tags?post=11873"}],"curies":[{"name":"wp","href":"https:\/\/api.w.org\/{rel}","templated":true}]}}