{"id":11875,"date":"2021-01-05T20:17:56","date_gmt":"2021-01-05T20:17:56","guid":{"rendered":"https:\/\/oparanews.com.br\/?p=11875"},"modified":"2021-01-05T20:17:56","modified_gmt":"2021-01-05T20:17:56","slug":"secretaria-de-servicos-publicos-de-penedo-inicia-2021-com-acoes-de-limpeza","status":"publish","type":"post","link":"https:\/\/www.oparanews.com.br\/index.php\/2021\/01\/05\/secretaria-de-servicos-publicos-de-penedo-inicia-2021-com-acoes-de-limpeza\/","title":{"rendered":"Secretaria de Servi\u00e7os P\u00fablicos de Penedo inicia 2021 com a\u00e7\u00f5es de limpeza"},"content":{"rendered":"<p>A Secretaria Municipal de Servi\u00e7os P\u00fablicos da Prefeitura de Penedo come\u00e7a o ano de 2021 com diversas a\u00e7\u00f5es de limpeza p\u00fablica.<\/p>\n<p>A pasta que tem \u00e0 frente o engenheiro civil Ivo Costa realiza o servi\u00e7o de limpeza geral em diversas ruas da cidade nos primeiros dias da nova gest\u00e3o municipal, administrada pelo Prefeito Ronaldo Lopes e o Vice-Prefeito Jo\u00e3o Lucas.<\/p>\n<p>O trabalho inclui a retirada de entulho das vias p\u00fablicas, entre outros materiais jogados em locais inadequados.<\/p>\n<p>Por conta disso, a Prefeitura de Penedo solicita a popula\u00e7\u00e3o que n\u00e3o jogue entulho ou lixo nas vias p\u00fablicas, terreno ou outros logradouros, contribuindo assim com a limpeza em todo munic\u00edpio.<\/p>\n<p>J\u00e1 no primeiro dia \u00fatil do ano, a Secretaria de Servi\u00e7os P\u00fablicos recolheu lixo e entulho na Rua das Pedrinhas, localizada no bairro Senhor do Bonfim \u2013 popular Oiteiro -, iniciando o trabalho que prossegue nesta ter\u00e7a-feira (5), com a limpeza das margens do Rio S\u00e3o Francisco.<\/p>\n<p>De acordo com o Secret\u00e1rio Ivo Costa, esse trabalho de limpeza p\u00fablica j\u00e1 \u00e9 parte do planejamento da nova gest\u00e3o para a Secretaria Municipal de Servi\u00e7os P\u00fablicos.<\/p>\n<p>Ivo Costa tamb\u00e9m informou ainda que ser\u00e1 divulgado, em breve, as rotas dos caminh\u00f5es compactadores que realizam a coleta de lixo dom\u00e9stico, inclusive na zona rural.<\/p>\n<p>&nbsp;<\/p>\n<p><strong>por Thiago Sobral \u2013 Decom (PMP)<\/strong><\/p>\n<p>&nbsp;<\/p>\n","protected":false},"excerpt":{"rendered":"<p>A Secretaria Municipal de Servi\u00e7os P\u00fablicos da Prefeitura de Penedo come\u00e7a o ano de 2021 com diversas a\u00e7\u00f5es de limpeza p\u00fablica. A pasta que tem \u00e0 frente o engenheiro civil Ivo Costa realiza o servi\u00e7o de limpeza geral em diversas ruas da cidade nos primeiros dias da nova gest\u00e3o municipal, administrada pelo Prefeito Ronaldo Lopes &hellip;<\/p>\n","protected":false},"author":1,"featured_media":11876,"comment_status":"closed","ping_status":"closed","sticky":false,"template":"","format":"standard","meta":{"_jetpack_newsletter_access":"","_jetpack_dont_email_post_to_subs":false,"_jetpack_newsletter_tier_id":0,"_jetpack_memberships_contains_paywalled_content":false,"_jetpack_memberships_contains_paid_content":false,"footnotes":""},"categories":[1],"tags":[],"class_list":["post-11875","post","type-post","status-publish","format-standard","has-post-thumbnail","hentry","category-destaque"],"jetpack_sharing_enabled":true,"jetpack_featured_media_url":"","_links":{"self":[{"href":"https:\/\/www.oparanews.com.br\/index.php\/wp-json\/wp\/v2\/posts\/11875","targetHints":{"allow":["GET"]}}],"collection":[{"href":"https:\/\/www.oparanews.com.br\/index.php\/wp-json\/wp\/v2\/posts"}],"about":[{"href":"https:\/\/www.oparanews.com.br\/index.php\/wp-json\/wp\/v2\/types\/post"}],"author":[{"embeddable":true,"href":"https:\/\/www.oparanews.com.br\/index.php\/wp-json\/wp\/v2\/users\/1"}],"replies":[{"embeddable":true,"href":"https:\/\/www.oparanews.com.br\/index.php\/wp-json\/wp\/v2\/comments?post=11875"}],"version-history":[{"count":0,"href":"https:\/\/www.oparanews.com.br\/index.php\/wp-json\/wp\/v2\/posts\/11875\/revisions"}],"wp:attachment":[{"href":"https:\/\/www.oparanews.com.br\/index.php\/wp-json\/wp\/v2\/media?parent=11875"}],"wp:term":[{"taxonomy":"category","embeddable":true,"href":"https:\/\/www.oparanews.com.br\/index.php\/wp-json\/wp\/v2\/categories?post=11875"},{"taxonomy":"post_tag","embeddable":true,"href":"https:\/\/www.oparanews.com.br\/index.php\/wp-json\/wp\/v2\/tags?post=11875"}],"curies":[{"name":"wp","href":"https:\/\/api.w.org\/{rel}","templated":true}]}}