{"id":11878,"date":"2021-01-05T20:20:04","date_gmt":"2021-01-05T20:20:04","guid":{"rendered":"https:\/\/oparanews.com.br\/?p=11878"},"modified":"2021-01-05T20:20:04","modified_gmt":"2021-01-05T20:20:04","slug":"pastores-sao-presos-suspeitos-de-cultivar-plantacao-de-maconha-em-igreja","status":"publish","type":"post","link":"https:\/\/www.oparanews.com.br\/index.php\/2021\/01\/05\/pastores-sao-presos-suspeitos-de-cultivar-plantacao-de-maconha-em-igreja\/","title":{"rendered":"Pastores s\u00e3o presos suspeitos de cultivar planta\u00e7\u00e3o de maconha em igreja"},"content":{"rendered":"<p>Ap\u00f3s den\u00fancia an\u00f4nima a Pol\u00edcia Militar prendeu dois pastores de 25 e 50 anos suspeitos de cultivar maconha no terreno de uma igreja localizada no bairro do Benedito Bentes, em Macei\u00f3, na segunda-feira (4). Com eles, a pol\u00edcia apreendeu 12 plantas e 20 mudas de maconha natural.<\/p>\n<p>Em 2018, a pol\u00edcia tamb\u00e9m flagrou no mesmo terreno o cultivo e o consumo da maconha. Na ocasi\u00e3o, pai e filho foram presos e disseram em depoimento ser pastores da Igreja dos Humildes, e que a maconha era utilizada no tratamento dos fieis.<\/p>\n<p>De acordo com o 5\u00ba BPM, ao chegar no local da den\u00fancia, em uma regi\u00e3o de mata, as equipes da For\u00e7a T\u00e1tica flagraram v\u00e1rios indiv\u00edduos fazendo uso e cultivando a planta\u00e7\u00e3o. Ao perceberem a aproxima\u00e7\u00e3o da pol\u00edcia, alguns fugiram.<\/p>\n<p>Al\u00e9m dos dois pastores, um terceiro homem que estava no local tamb\u00e9m foi encaminhado para a Central de Flagrantes I, no bairro do Farol.<\/p>\n<p>&nbsp;<\/p>\n<p><strong>Fonte: G1\/AL<\/strong><\/p>\n<p>&nbsp;<\/p>\n","protected":false},"excerpt":{"rendered":"<p>Ap\u00f3s den\u00fancia an\u00f4nima a Pol\u00edcia Militar prendeu dois pastores de 25 e 50 anos suspeitos de cultivar maconha no terreno de uma igreja localizada no bairro do Benedito Bentes, em Macei\u00f3, na segunda-feira (4). Com eles, a pol\u00edcia apreendeu 12 plantas e 20 mudas de maconha natural. Em 2018, a pol\u00edcia tamb\u00e9m flagrou no mesmo &hellip;<\/p>\n","protected":false},"author":1,"featured_media":11879,"comment_status":"closed","ping_status":"closed","sticky":false,"template":"","format":"standard","meta":{"_jetpack_newsletter_access":"","_jetpack_dont_email_post_to_subs":false,"_jetpack_newsletter_tier_id":0,"_jetpack_memberships_contains_paywalled_content":false,"_jetpack_memberships_contains_paid_content":false,"footnotes":""},"categories":[1],"tags":[],"class_list":["post-11878","post","type-post","status-publish","format-standard","has-post-thumbnail","hentry","category-destaque"],"jetpack_sharing_enabled":true,"jetpack_featured_media_url":"","_links":{"self":[{"href":"https:\/\/www.oparanews.com.br\/index.php\/wp-json\/wp\/v2\/posts\/11878","targetHints":{"allow":["GET"]}}],"collection":[{"href":"https:\/\/www.oparanews.com.br\/index.php\/wp-json\/wp\/v2\/posts"}],"about":[{"href":"https:\/\/www.oparanews.com.br\/index.php\/wp-json\/wp\/v2\/types\/post"}],"author":[{"embeddable":true,"href":"https:\/\/www.oparanews.com.br\/index.php\/wp-json\/wp\/v2\/users\/1"}],"replies":[{"embeddable":true,"href":"https:\/\/www.oparanews.com.br\/index.php\/wp-json\/wp\/v2\/comments?post=11878"}],"version-history":[{"count":0,"href":"https:\/\/www.oparanews.com.br\/index.php\/wp-json\/wp\/v2\/posts\/11878\/revisions"}],"wp:attachment":[{"href":"https:\/\/www.oparanews.com.br\/index.php\/wp-json\/wp\/v2\/media?parent=11878"}],"wp:term":[{"taxonomy":"category","embeddable":true,"href":"https:\/\/www.oparanews.com.br\/index.php\/wp-json\/wp\/v2\/categories?post=11878"},{"taxonomy":"post_tag","embeddable":true,"href":"https:\/\/www.oparanews.com.br\/index.php\/wp-json\/wp\/v2\/tags?post=11878"}],"curies":[{"name":"wp","href":"https:\/\/api.w.org\/{rel}","templated":true}]}}