{"id":11884,"date":"2021-01-05T20:24:15","date_gmt":"2021-01-05T20:24:15","guid":{"rendered":"https:\/\/oparanews.com.br\/?p=11884"},"modified":"2021-01-05T20:24:15","modified_gmt":"2021-01-05T20:24:15","slug":"eu-nao-consigo-fazer-nada-brasil-esta-quebrado","status":"publish","type":"post","link":"https:\/\/www.oparanews.com.br\/index.php\/2021\/01\/05\/eu-nao-consigo-fazer-nada-brasil-esta-quebrado\/","title":{"rendered":"&#8216;Eu n\u00e3o consigo fazer nada. Brasil est\u00e1 quebrado&#8217;"},"content":{"rendered":"<p>O presidente Jair Bolsonaro afirmou nesta ter\u00e7a-feira que o Brasil est\u00e1 &#8220;quebrado&#8221; e que ele n\u00e3o consegue &#8220;fazer nada&#8221;. Bolsonaro citou a altera\u00e7\u00e3o da tabela do Imposto de Renda (IR) como uma das suas promessas que n\u00e3o consegue cumprir.<\/p>\n<p>O presidente colocou a culpa na pandemia de Covid-19 e na imprensa, que, segundo ele, teria &#8220;potencializado&#8221; o coronav\u00edrus. A doen\u00e7a j\u00e1 matou mais de 196 mil pessoas no Brasil.<\/p>\n<p>\u2014 O Brasil est\u00e1 quebrado. Eu n\u00e3o consigo fazer nada. Eu queria mexer na tabela do Imposto de Renda&#8230;Teve esse v\u00edrus, potencializado pela m\u00eddia que n\u00f3s temos \u2014 disse o presidente, em conversa com apoiadores nesta ter\u00e7a, ao deixar o Pal\u00e1cio da Alvorada.<\/p>\n<p>Durante a campanha eleitoral de 2018, o presidente prometeu isentar o IR de quem ganha at\u00e9 R$ 5 mil. Hoje, o limite de isen\u00e7\u00e3o \u00e9 de R$ 1.903,98. No fim de 2019, prop\u00f4s uma eleva\u00e7\u00e3o para R$ 3 mil, mas o plano n\u00e3o foi adiante.<\/p>\n<p>A isen\u00e7\u00e3o significaria uma arrecada\u00e7\u00e3o menor para o governo, que vive um aperto nas contas p\u00fablicas. A Lei de Diretrizes Or\u00e7ament\u00e1rias (LDO) de 2021, sancionada por Bolsonaro na semana passada, estabelece como meta um rombo de at\u00e9 R$ 247,1 bilh\u00f5es.<\/p>\n<p>\u00c9 esse limite que baliza a libera\u00e7\u00e3o de recursos ao longo do ano. A cada dois meses, o governo avalia se a meta corre risco de ser descumprida e, se necess\u00e1rio, faz um contingenciamento no Or\u00e7amento \u2014 ou seja, bloqueia temporariamente recursos dos minist\u00e9rios.<\/p>\n<p>&nbsp;<\/p>\n<p><strong>Fonte: O Globo<\/strong><\/p>\n<p>&nbsp;<\/p>\n","protected":false},"excerpt":{"rendered":"<p>O presidente Jair Bolsonaro afirmou nesta ter\u00e7a-feira que o Brasil est\u00e1 &#8220;quebrado&#8221; e que ele n\u00e3o consegue &#8220;fazer nada&#8221;. Bolsonaro citou a altera\u00e7\u00e3o da tabela do Imposto de Renda (IR) como uma das suas promessas que n\u00e3o consegue cumprir. O presidente colocou a culpa na pandemia de Covid-19 e na imprensa, que, segundo ele, teria &hellip;<\/p>\n","protected":false},"author":1,"featured_media":11885,"comment_status":"closed","ping_status":"closed","sticky":false,"template":"","format":"standard","meta":{"_jetpack_newsletter_access":"","_jetpack_dont_email_post_to_subs":false,"_jetpack_newsletter_tier_id":0,"_jetpack_memberships_contains_paywalled_content":false,"_jetpack_memberships_contains_paid_content":false,"footnotes":""},"categories":[1],"tags":[],"class_list":["post-11884","post","type-post","status-publish","format-standard","has-post-thumbnail","hentry","category-destaque"],"jetpack_sharing_enabled":true,"jetpack_featured_media_url":"","_links":{"self":[{"href":"https:\/\/www.oparanews.com.br\/index.php\/wp-json\/wp\/v2\/posts\/11884","targetHints":{"allow":["GET"]}}],"collection":[{"href":"https:\/\/www.oparanews.com.br\/index.php\/wp-json\/wp\/v2\/posts"}],"about":[{"href":"https:\/\/www.oparanews.com.br\/index.php\/wp-json\/wp\/v2\/types\/post"}],"author":[{"embeddable":true,"href":"https:\/\/www.oparanews.com.br\/index.php\/wp-json\/wp\/v2\/users\/1"}],"replies":[{"embeddable":true,"href":"https:\/\/www.oparanews.com.br\/index.php\/wp-json\/wp\/v2\/comments?post=11884"}],"version-history":[{"count":0,"href":"https:\/\/www.oparanews.com.br\/index.php\/wp-json\/wp\/v2\/posts\/11884\/revisions"}],"wp:attachment":[{"href":"https:\/\/www.oparanews.com.br\/index.php\/wp-json\/wp\/v2\/media?parent=11884"}],"wp:term":[{"taxonomy":"category","embeddable":true,"href":"https:\/\/www.oparanews.com.br\/index.php\/wp-json\/wp\/v2\/categories?post=11884"},{"taxonomy":"post_tag","embeddable":true,"href":"https:\/\/www.oparanews.com.br\/index.php\/wp-json\/wp\/v2\/tags?post=11884"}],"curies":[{"name":"wp","href":"https:\/\/api.w.org\/{rel}","templated":true}]}}