{"id":11887,"date":"2021-01-05T20:26:04","date_gmt":"2021-01-05T20:26:04","guid":{"rendered":"https:\/\/oparanews.com.br\/?p=11887"},"modified":"2021-01-05T20:26:04","modified_gmt":"2021-01-05T20:26:04","slug":"governadores-deixam-reuniao-na-saude-sem-data-para-vacinacao","status":"publish","type":"post","link":"https:\/\/www.oparanews.com.br\/index.php\/2021\/01\/05\/governadores-deixam-reuniao-na-saude-sem-data-para-vacinacao\/","title":{"rendered":"Governadores deixam reuni\u00e3o na Sa\u00fade sem data para vacina\u00e7\u00e3o"},"content":{"rendered":"<p>Governadores de diferentes estados se reuniram por teleconfer\u00eancia, nesta ter\u00e7a-feira (5), com o secret\u00e1rio de vigil\u00e2ncia do Minist\u00e9rio da Sa\u00fade, Arnaldo Medeiros, para cobrar um plano, um cronograma de vacina\u00e7\u00e3o contra a Covid-19 para todo o pa\u00eds.<\/p>\n<p>Contudo, n\u00e3o obtiveram uma data ap\u00f3s a conversa.<\/p>\n<p>A informa\u00e7\u00e3o foi dada ao blog pelo governador do Piau\u00ed, Wellington Dias.<\/p>\n<p>\u201cNossa expectativa era de que houvesse alguma defini\u00e7\u00e3o. A reuni\u00e3o foi at\u00e9 estressante. Cobramos uma data e n\u00e3o nos foi fornecida. Quando chegam os insumos? Quando come\u00e7a a vacina\u00e7\u00e3o? O secret\u00e1rio disse que iria levar nossa demanda ao ministro Pazuello\u201d.<\/p>\n<p>Al\u00e9m de Dias, participaram da reuni\u00e3o Ronaldo Caiado (Goi\u00e1s), Helder Barbalho (Par\u00e1), Waldez Goes (Amap\u00e1), Eduardo Leite (Rio Grande do Sul) e Renato Casagrande (Esp\u00edrito Santo).<\/p>\n<p>Wellington Dias disse ao blog que prop\u00f4s para a pr\u00f3xima segunda-feira (11) uma agenda conjunta entre os tr\u00eas Poderes &#8212; c\u00fapula do Congresso, do STF e o minist\u00e9rio da Sa\u00fade &#8212; para discutir com as fabricantes e a Anvisa um calend\u00e1rio nacional de vacina\u00e7\u00e3o. \u201cO Brasil est\u00e1 ficando no final da fila. H\u00e1 um atraso inexplic\u00e1vel\u201d.<\/p>\n<p>Ele disse que conversou pela manh\u00e3 com o governador Jo\u00e3o Doria (S\u00e3o Paulo) e que o plano para o in\u00edcio da vacina\u00e7\u00e3o no Estado de S\u00e3o Paulo est\u00e1 mantido para o dia 25 de janeiro.<\/p>\n<p>&nbsp;<\/p>\n<p><strong>Fonte: G1<\/strong><\/p>\n<p>&nbsp;<\/p>\n","protected":false},"excerpt":{"rendered":"<p>Governadores de diferentes estados se reuniram por teleconfer\u00eancia, nesta ter\u00e7a-feira (5), com o secret\u00e1rio de vigil\u00e2ncia do Minist\u00e9rio da Sa\u00fade, Arnaldo Medeiros, para cobrar um plano, um cronograma de vacina\u00e7\u00e3o contra a Covid-19 para todo o pa\u00eds. Contudo, n\u00e3o obtiveram uma data ap\u00f3s a conversa. A informa\u00e7\u00e3o foi dada ao blog pelo governador do Piau\u00ed, &hellip;<\/p>\n","protected":false},"author":1,"featured_media":11888,"comment_status":"closed","ping_status":"closed","sticky":false,"template":"","format":"standard","meta":{"_jetpack_newsletter_access":"","_jetpack_dont_email_post_to_subs":false,"_jetpack_newsletter_tier_id":0,"_jetpack_memberships_contains_paywalled_content":false,"_jetpack_memberships_contains_paid_content":false,"footnotes":""},"categories":[1],"tags":[],"class_list":["post-11887","post","type-post","status-publish","format-standard","has-post-thumbnail","hentry","category-destaque"],"jetpack_sharing_enabled":true,"jetpack_featured_media_url":"","_links":{"self":[{"href":"https:\/\/www.oparanews.com.br\/index.php\/wp-json\/wp\/v2\/posts\/11887","targetHints":{"allow":["GET"]}}],"collection":[{"href":"https:\/\/www.oparanews.com.br\/index.php\/wp-json\/wp\/v2\/posts"}],"about":[{"href":"https:\/\/www.oparanews.com.br\/index.php\/wp-json\/wp\/v2\/types\/post"}],"author":[{"embeddable":true,"href":"https:\/\/www.oparanews.com.br\/index.php\/wp-json\/wp\/v2\/users\/1"}],"replies":[{"embeddable":true,"href":"https:\/\/www.oparanews.com.br\/index.php\/wp-json\/wp\/v2\/comments?post=11887"}],"version-history":[{"count":0,"href":"https:\/\/www.oparanews.com.br\/index.php\/wp-json\/wp\/v2\/posts\/11887\/revisions"}],"wp:attachment":[{"href":"https:\/\/www.oparanews.com.br\/index.php\/wp-json\/wp\/v2\/media?parent=11887"}],"wp:term":[{"taxonomy":"category","embeddable":true,"href":"https:\/\/www.oparanews.com.br\/index.php\/wp-json\/wp\/v2\/categories?post=11887"},{"taxonomy":"post_tag","embeddable":true,"href":"https:\/\/www.oparanews.com.br\/index.php\/wp-json\/wp\/v2\/tags?post=11887"}],"curies":[{"name":"wp","href":"https:\/\/api.w.org\/{rel}","templated":true}]}}