{"id":11893,"date":"2021-01-05T20:29:56","date_gmt":"2021-01-05T20:29:56","guid":{"rendered":"https:\/\/oparanews.com.br\/?p=11893"},"modified":"2021-01-05T20:29:56","modified_gmt":"2021-01-05T20:29:56","slug":"papa-francisco-faz-apelo-por-fraternidade-entre-religioes","status":"publish","type":"post","link":"https:\/\/www.oparanews.com.br\/index.php\/2021\/01\/05\/papa-francisco-faz-apelo-por-fraternidade-entre-religioes\/","title":{"rendered":"Papa Francisco faz apelo por fraternidade entre religi\u00f5es"},"content":{"rendered":"<p>Em sua primeira inten\u00e7\u00e3o de ora\u00e7\u00e3o de 2021 divulgada nesta ter\u00e7a-feira (5), o papa Francisco fez um apelo \u00e0 fraternidade humana, convidado os cat\u00f3licos a ver no outro &#8220;um irm\u00e3o, uma irm\u00e3&#8221;, seja qual for a sua religi\u00e3o.<\/p>\n<p>&#8220;Rezemos para que o Senhor nos d\u00ea a gra\u00e7a de viver em plena fraternidade com os irm\u00e3os e irm\u00e3s de outras religi\u00f5es, sem brigar, orando uns pelos outros, abrindo-nos a todos&#8221;, pediu o Pont\u00edfice em uma mensagem em v\u00eddeo compartilhada pela Rede Mundial de Ora\u00e7\u00e3o do Papa.<\/p>\n<p>Francisco ainda apela, diante de todos os desafios da humanidade, para os fi\u00e9is se abrirem e unirem, como seres humanos, &#8220;com aqueles que rezam seguindo outras culturas, outras tradi\u00e7\u00f5es e outras cren\u00e7as&#8221;.<\/p>\n<p>&#8220;Somos irm\u00e3os que rezam. A fraternidade leva-nos a abrirmo-nos ao Pai de todos e a ver no outro um irm\u00e3o, uma irm\u00e3, para partilhar a vida ou para se apoiar mutuamente, para amar, para conhecer&#8221;, acrescenta.<\/p>\n<p>Segundo o argentino, &#8220;a Igreja valoriza a a\u00e7\u00e3o de Deus nas outras religi\u00f5es&#8221;, sem esquecer que, para os crist\u00e3os, &#8220;a fonte da dignidade humana e da fraternidade est\u00e1 no Evangelho de Jesus&#8221;.<\/p>\n<p>&#8220;N\u00f3s, os crentes, devemos voltar \u00e0s nossas fontes e concentrar-nos no que \u00e9 essencial. O essencial da nossa f\u00e9 \u00e9 a adora\u00e7\u00e3o a Deus e o amor ao pr\u00f3ximo&#8221;, enfatiza.<\/p>\n<p>Com o tema &#8220;Ao servi\u00e7o da fraternidade&#8221;, a ora\u00e7\u00e3o do Papa vai de encontro com sua \u00faltima enc\u00edclica &#8220;Fratelli tutti&#8221; (&#8220;Todos Irm\u00e3os&#8221;), na qual defende que todos est\u00e3o convencidos de que &#8220;somente com esta consci\u00eancia de filhos que n\u00e3o s\u00e3o \u00f3rf\u00e3os podemos viver em paz entre n\u00f3s&#8221;.<\/p>\n<p>Para Francisco, as diferen\u00e7as entre as pessoas que professam distintas religi\u00f5es ou vivem de acordo com outras tradi\u00e7\u00f5es n\u00e3o devem impedir que se chegue a uma cultura do encontro.<\/p>\n<p>No documento, Jorge Bergoglio destaca o papel das religi\u00f5es na constru\u00e7\u00e3o da fraternidade e na rejei\u00e7\u00e3o do extremismo. &#8220;As religi\u00f5es nunca incitam \u00e0 guerra e n\u00e3o solicitam sentimentos de \u00f3dio, hostilidade, extremismo nem convidam \u00e0 viol\u00eancia ou ao derramamento de sangue&#8221;, escreve.<\/p>\n<p>&nbsp;<\/p>\n<p><strong>Fonte: Terra<\/strong><\/p>\n<p>&nbsp;<\/p>\n","protected":false},"excerpt":{"rendered":"<p>Em sua primeira inten\u00e7\u00e3o de ora\u00e7\u00e3o de 2021 divulgada nesta ter\u00e7a-feira (5), o papa Francisco fez um apelo \u00e0 fraternidade humana, convidado os cat\u00f3licos a ver no outro &#8220;um irm\u00e3o, uma irm\u00e3&#8221;, seja qual for a sua religi\u00e3o. &#8220;Rezemos para que o Senhor nos d\u00ea a gra\u00e7a de viver em plena fraternidade com os irm\u00e3os &hellip;<\/p>\n","protected":false},"author":1,"featured_media":11894,"comment_status":"closed","ping_status":"closed","sticky":false,"template":"","format":"standard","meta":{"_jetpack_newsletter_access":"","_jetpack_dont_email_post_to_subs":false,"_jetpack_newsletter_tier_id":0,"_jetpack_memberships_contains_paywalled_content":false,"_jetpack_memberships_contains_paid_content":false,"footnotes":""},"categories":[1],"tags":[],"class_list":["post-11893","post","type-post","status-publish","format-standard","has-post-thumbnail","hentry","category-destaque"],"jetpack_sharing_enabled":true,"jetpack_featured_media_url":"","_links":{"self":[{"href":"https:\/\/www.oparanews.com.br\/index.php\/wp-json\/wp\/v2\/posts\/11893","targetHints":{"allow":["GET"]}}],"collection":[{"href":"https:\/\/www.oparanews.com.br\/index.php\/wp-json\/wp\/v2\/posts"}],"about":[{"href":"https:\/\/www.oparanews.com.br\/index.php\/wp-json\/wp\/v2\/types\/post"}],"author":[{"embeddable":true,"href":"https:\/\/www.oparanews.com.br\/index.php\/wp-json\/wp\/v2\/users\/1"}],"replies":[{"embeddable":true,"href":"https:\/\/www.oparanews.com.br\/index.php\/wp-json\/wp\/v2\/comments?post=11893"}],"version-history":[{"count":0,"href":"https:\/\/www.oparanews.com.br\/index.php\/wp-json\/wp\/v2\/posts\/11893\/revisions"}],"wp:attachment":[{"href":"https:\/\/www.oparanews.com.br\/index.php\/wp-json\/wp\/v2\/media?parent=11893"}],"wp:term":[{"taxonomy":"category","embeddable":true,"href":"https:\/\/www.oparanews.com.br\/index.php\/wp-json\/wp\/v2\/categories?post=11893"},{"taxonomy":"post_tag","embeddable":true,"href":"https:\/\/www.oparanews.com.br\/index.php\/wp-json\/wp\/v2\/tags?post=11893"}],"curies":[{"name":"wp","href":"https:\/\/api.w.org\/{rel}","templated":true}]}}