{"id":11896,"date":"2021-01-06T01:48:23","date_gmt":"2021-01-06T01:48:23","guid":{"rendered":"https:\/\/oparanews.com.br\/?p=11896"},"modified":"2021-01-06T01:48:23","modified_gmt":"2021-01-06T01:48:23","slug":"sport-club-penedense-ira-investir-nas-categorias-da-base-neste-ano","status":"publish","type":"post","link":"https:\/\/www.oparanews.com.br\/index.php\/2021\/01\/06\/sport-club-penedense-ira-investir-nas-categorias-da-base-neste-ano\/","title":{"rendered":"Sport Club Penedense ir\u00e1 investir nas categorias de base neste ano"},"content":{"rendered":"<p>Em entrevista no Programa Grande Rio Esporte, na R\u00e1dio Grande Rio FM (99,1), o vice-presidente do Sport Club Penedense, Aerton Reis, informou que a diretoria do clube mais antigo de Alagoas ir\u00e1 investir nas categorias de base, mas precisamente no sub-17 e sub-20 neste ano de 2021.<\/p>\n<p>Segundo Aerton, o calend\u00e1rio de 2021 da FAF (Federa\u00e7\u00e3o Alagoana de Futebol) indica que o Campeonato Alagoano Sub-20 ir\u00e1 acontecer no m\u00eas de mar\u00e7o. Com isso, a diretoria do Sport Club Penedense j\u00e1 trabalha nos bastidores para formar a comiss\u00e3o t\u00e9cnica e come\u00e7ar os treinamentos no pr\u00f3ximo m\u00eas (fevereiro).<\/p>\n<p>Sobre o Campeonato Alagoano Sub-23 (2\u00aa divis\u00e3o), Aerton informou que neste ano n\u00e3o est\u00e1 nas pretens\u00f5es do clube, pois os custos s\u00e3o altos e a prioridade \u00e9 investir na base e na parte estrutural, como: gramado e sede.<\/p>\n<p>Al\u00e9m de buscar novos s\u00f3cios para o clube, a diretoria ir\u00e1 fazer uma rifa onde o pr\u00eamio sorteado ser\u00e1 uma motocicleta. A cartela ser\u00e1 cobrada no valor de R$ 10,00 (dez reais) e o dinheiro arrecadado ser\u00e1 investido nas categorias de base do clube. O sorteio acontecer\u00e1 no dia 16 de mar\u00e7o no Programa Lance Livre da R\u00e1dio Penedo FM (97,3).<\/p>\n<p>Para finalizar a entrevista, Aerton Reis pediu o apoio do torcedor ribeirinho para que possam ajudar e confiar no trabalho que est\u00e1 desenvolvido pela diretoria.<\/p>\n<p>Quem quiser ser s\u00f3cio do Sport Club Penedense pode entrar em contato pelos telefones:<\/p>\n<p>(87) 9 9942-7091 (Aerton Reis &#8211; vice presidente)<br \/>\n(82) 9 9603-8211 (Daniel Mendon\u00e7a &#8211; presidente)<\/p>\n<p>Outra forma de fazer ades\u00e3o como s\u00f3cio do Penedense o torcedor pode mandar um direct atrav\u00e9s Instagram do clube &#8211; @scpenedense.<\/p>\n<p>&nbsp;<\/p>\n<p><strong>por Reda\u00e7\u00e3o<\/strong><\/p>\n<p>&nbsp;<\/p>\n","protected":false},"excerpt":{"rendered":"<p>Em entrevista no Programa Grande Rio Esporte, na R\u00e1dio Grande Rio FM (99,1), o vice-presidente do Sport Club Penedense, Aerton Reis, informou que a diretoria do clube mais antigo de Alagoas ir\u00e1 investir nas categorias de base, mas precisamente no sub-17 e sub-20 neste ano de 2021. Segundo Aerton, o calend\u00e1rio de 2021 da FAF &hellip;<\/p>\n","protected":false},"author":1,"featured_media":11897,"comment_status":"closed","ping_status":"closed","sticky":false,"template":"","format":"standard","meta":{"_jetpack_newsletter_access":"","_jetpack_dont_email_post_to_subs":false,"_jetpack_newsletter_tier_id":0,"_jetpack_memberships_contains_paywalled_content":false,"_jetpack_memberships_contains_paid_content":false,"footnotes":""},"categories":[1],"tags":[],"class_list":["post-11896","post","type-post","status-publish","format-standard","has-post-thumbnail","hentry","category-destaque"],"jetpack_sharing_enabled":true,"jetpack_featured_media_url":"","_links":{"self":[{"href":"https:\/\/www.oparanews.com.br\/index.php\/wp-json\/wp\/v2\/posts\/11896","targetHints":{"allow":["GET"]}}],"collection":[{"href":"https:\/\/www.oparanews.com.br\/index.php\/wp-json\/wp\/v2\/posts"}],"about":[{"href":"https:\/\/www.oparanews.com.br\/index.php\/wp-json\/wp\/v2\/types\/post"}],"author":[{"embeddable":true,"href":"https:\/\/www.oparanews.com.br\/index.php\/wp-json\/wp\/v2\/users\/1"}],"replies":[{"embeddable":true,"href":"https:\/\/www.oparanews.com.br\/index.php\/wp-json\/wp\/v2\/comments?post=11896"}],"version-history":[{"count":0,"href":"https:\/\/www.oparanews.com.br\/index.php\/wp-json\/wp\/v2\/posts\/11896\/revisions"}],"wp:attachment":[{"href":"https:\/\/www.oparanews.com.br\/index.php\/wp-json\/wp\/v2\/media?parent=11896"}],"wp:term":[{"taxonomy":"category","embeddable":true,"href":"https:\/\/www.oparanews.com.br\/index.php\/wp-json\/wp\/v2\/categories?post=11896"},{"taxonomy":"post_tag","embeddable":true,"href":"https:\/\/www.oparanews.com.br\/index.php\/wp-json\/wp\/v2\/tags?post=11896"}],"curies":[{"name":"wp","href":"https:\/\/api.w.org\/{rel}","templated":true}]}}