{"id":11900,"date":"2021-01-06T18:07:54","date_gmt":"2021-01-06T18:07:54","guid":{"rendered":"https:\/\/oparanews.com.br\/?p=11900"},"modified":"2021-01-06T18:07:54","modified_gmt":"2021-01-06T18:07:54","slug":"sesau-cria-grupo-tecnico-para-acompanhar-vacinacao-contra-a-covid-19-em-alagoas","status":"publish","type":"post","link":"https:\/\/www.oparanews.com.br\/index.php\/2021\/01\/06\/sesau-cria-grupo-tecnico-para-acompanhar-vacinacao-contra-a-covid-19-em-alagoas\/","title":{"rendered":"Sesau cria grupo t\u00e9cnico para acompanhar vacina\u00e7\u00e3o contra a Covid-19 em Alagoas"},"content":{"rendered":"<p>A Secretaria de Estado da Sa\u00fade (Sesau) instituiu um grupo t\u00e9cnico para acompanhar o Plano Estadual de Vacina\u00e7\u00e3o de Combate \u00e0 Covid-19 em Alagoas. A decis\u00e3o foi publicada nesta quarta-feira (6) no Di\u00e1rio Oficial do Estado (DOE).<\/p>\n<p>Conforme o documento, o grupo t\u00e9cnico tem como objetivo geral o &#8220;acompanhamento das a\u00e7\u00f5es e estrat\u00e9gias para a operacionaliza\u00e7\u00e3o da vacina\u00e7\u00e3o contra a Covid-19, no \u00e2mbito do Estado de Alagoas, dentro dos par\u00e2metros apresentados pelas equipes t\u00e9cnicas da Secretaria de Estado da Sa\u00fade de Alagoas&#8221;.<\/p>\n<p>A portaria assinada pela Sesau traz ainda outros objetivos espec\u00edficos, como a defini\u00e7\u00e3o da popula\u00e7\u00e3o-alvo e grupos priorit\u00e1rios para vacina\u00e7\u00e3o e orienta\u00e7\u00e3o aos munic\u00edpios.<\/p>\n<p>Em dezembro de 2020, o Governo de Alagoas assinou um protocolo de inten\u00e7\u00e3o de compra da CoronaVac, a vacina contra a Covid-19 produzida pelo Instituto Butantan, em S\u00e3o Paulo, em parceria com o laborat\u00f3rio chin\u00eas Sinovac. A solicita\u00e7\u00e3o foi 1 milh\u00e3o de doses para o estado.<\/p>\n<p>O secret\u00e1rio da sa\u00fade Alexandre Ayres, disse em entrevista coletiva que 500 mil doses da CoronaVac come\u00e7ar\u00e3o a ser aplicadas no estado j\u00e1 em fevereiro.<\/p>\n<p>O grupo t\u00e9cnico ser\u00e1 composto pelos representantes das seguintes institui\u00e7\u00f5es:<\/p>\n<p><strong>Secretaria de Estado da Sa\u00fade:<\/strong><\/p>\n<p>Cl\u00e1udio Alexandre Ayres da Costa &#8211; Presidente<br \/>\nHerbert Charles Silva Barros &#8211; Coordenador-geral<\/p>\n<p><strong>Conselho Estadual de Sa\u00fade de Alagoas:<\/strong><\/p>\n<p>Renilda dos Santos Barreto<\/p>\n<p><strong>Conselho de Secret\u00e1rios Municipais de Sa\u00fade de Alagoas:<\/strong><\/p>\n<p>Rodrigo Buarque Ferreira<br \/>\nLarissa C\u00e2ndido Guimar\u00e3es<\/p>\n<p><strong>Minist\u00e9rio P\u00fablico Estadual:<\/strong><\/p>\n<p>Micheline Laurindo Ten\u00f3rio Silveira dos Anjos<\/p>\n<p><strong>Minist\u00e9rio P\u00fablico Federal:<\/strong><\/p>\n<p>Roberta Lima Barbosa Bomfim<\/p>\n<p>&nbsp;<\/p>\n<p><strong>Fonte: G1\/AL<\/strong><\/p>\n<p>&nbsp;<\/p>\n","protected":false},"excerpt":{"rendered":"<p>A Secretaria de Estado da Sa\u00fade (Sesau) instituiu um grupo t\u00e9cnico para acompanhar o Plano Estadual de Vacina\u00e7\u00e3o de Combate \u00e0 Covid-19 em Alagoas. A decis\u00e3o foi publicada nesta quarta-feira (6) no Di\u00e1rio Oficial do Estado (DOE). Conforme o documento, o grupo t\u00e9cnico tem como objetivo geral o &#8220;acompanhamento das a\u00e7\u00f5es e estrat\u00e9gias para a &hellip;<\/p>\n","protected":false},"author":1,"featured_media":11901,"comment_status":"closed","ping_status":"closed","sticky":false,"template":"","format":"standard","meta":{"_jetpack_newsletter_access":"","_jetpack_dont_email_post_to_subs":false,"_jetpack_newsletter_tier_id":0,"_jetpack_memberships_contains_paywalled_content":false,"_jetpack_memberships_contains_paid_content":false,"footnotes":""},"categories":[1],"tags":[],"class_list":["post-11900","post","type-post","status-publish","format-standard","has-post-thumbnail","hentry","category-destaque"],"jetpack_sharing_enabled":true,"jetpack_featured_media_url":"","_links":{"self":[{"href":"https:\/\/www.oparanews.com.br\/index.php\/wp-json\/wp\/v2\/posts\/11900","targetHints":{"allow":["GET"]}}],"collection":[{"href":"https:\/\/www.oparanews.com.br\/index.php\/wp-json\/wp\/v2\/posts"}],"about":[{"href":"https:\/\/www.oparanews.com.br\/index.php\/wp-json\/wp\/v2\/types\/post"}],"author":[{"embeddable":true,"href":"https:\/\/www.oparanews.com.br\/index.php\/wp-json\/wp\/v2\/users\/1"}],"replies":[{"embeddable":true,"href":"https:\/\/www.oparanews.com.br\/index.php\/wp-json\/wp\/v2\/comments?post=11900"}],"version-history":[{"count":0,"href":"https:\/\/www.oparanews.com.br\/index.php\/wp-json\/wp\/v2\/posts\/11900\/revisions"}],"wp:attachment":[{"href":"https:\/\/www.oparanews.com.br\/index.php\/wp-json\/wp\/v2\/media?parent=11900"}],"wp:term":[{"taxonomy":"category","embeddable":true,"href":"https:\/\/www.oparanews.com.br\/index.php\/wp-json\/wp\/v2\/categories?post=11900"},{"taxonomy":"post_tag","embeddable":true,"href":"https:\/\/www.oparanews.com.br\/index.php\/wp-json\/wp\/v2\/tags?post=11900"}],"curies":[{"name":"wp","href":"https:\/\/api.w.org\/{rel}","templated":true}]}}