{"id":11903,"date":"2021-01-06T18:17:43","date_gmt":"2021-01-06T18:17:43","guid":{"rendered":"https:\/\/oparanews.com.br\/?p=11903"},"modified":"2021-01-06T18:17:43","modified_gmt":"2021-01-06T18:17:43","slug":"marcelo-beltrao-decreta-situacao-de-emergencia-administrativa-em-coruripe","status":"publish","type":"post","link":"https:\/\/www.oparanews.com.br\/index.php\/2021\/01\/06\/marcelo-beltrao-decreta-situacao-de-emergencia-administrativa-em-coruripe\/","title":{"rendered":"Marcelo Beltr\u00e3o decreta Situa\u00e7\u00e3o de Emerg\u00eancia Administrativa em Coruripe"},"content":{"rendered":"<p>O prefeito Marcelo Beltr\u00e3o (PP) decretou Situa\u00e7\u00e3o de Emerg\u00eancia Administrativa em Coruripe. O decreto, publicado nesta ter\u00e7a-feira (5), ter\u00e1 vig\u00eancia de 90 dias.<\/p>\n<p>De acordo com informa\u00e7\u00f5es da assessoria do munic\u00edpio, por causa do pouco tempo de transi\u00e7\u00e3o, o prefeito teve dificuldade em acessar informa\u00e7\u00f5es necess\u00e1rias para o in\u00edcio da gest\u00e3o.<\/p>\n<p>Al\u00e9m disso, o decreto considera a inacessibilidade a todos os documentos solicitados durante o per\u00edodo da transi\u00e7\u00e3o, primordiais para a manuten\u00e7\u00e3o das atividades essenciais e a continuidade da presta\u00e7\u00e3o dos servi\u00e7os p\u00fablicos que a popula\u00e7\u00e3o mais necessita.<\/p>\n<p>&#8220;N\u00f3s precisamos analisar todos os contratos vigentes, ter informa\u00e7\u00f5es da contabilidade e finan\u00e7as para que os servi\u00e7os essenciais n\u00e3o deixem de funcionar em nosso munic\u00edpio. Estamos em meio a uma Pandemia e a Sa\u00fade precisa funcionar, limpeza p\u00fablica, ente outros servi\u00e7os. Ent\u00e3o decretamos a emerg\u00eancia para possamos realizar tudo o que for necess\u00e1rio para atender \u00e0 popula\u00e7\u00e3o&#8221;, explicou o prefeito.<\/p>\n<p>&nbsp;<\/p>\n<p><strong>*Com informa\u00e7\u00f5es da assessoria<\/strong><\/p>\n<p>&nbsp;<\/p>\n","protected":false},"excerpt":{"rendered":"<p>O prefeito Marcelo Beltr\u00e3o (PP) decretou Situa\u00e7\u00e3o de Emerg\u00eancia Administrativa em Coruripe. O decreto, publicado nesta ter\u00e7a-feira (5), ter\u00e1 vig\u00eancia de 90 dias. De acordo com informa\u00e7\u00f5es da assessoria do munic\u00edpio, por causa do pouco tempo de transi\u00e7\u00e3o, o prefeito teve dificuldade em acessar informa\u00e7\u00f5es necess\u00e1rias para o in\u00edcio da gest\u00e3o. Al\u00e9m disso, o decreto &hellip;<\/p>\n","protected":false},"author":1,"featured_media":11904,"comment_status":"closed","ping_status":"closed","sticky":false,"template":"","format":"standard","meta":{"_jetpack_newsletter_access":"","_jetpack_dont_email_post_to_subs":false,"_jetpack_newsletter_tier_id":0,"_jetpack_memberships_contains_paywalled_content":false,"_jetpack_memberships_contains_paid_content":false,"footnotes":""},"categories":[1],"tags":[],"class_list":["post-11903","post","type-post","status-publish","format-standard","has-post-thumbnail","hentry","category-destaque"],"jetpack_sharing_enabled":true,"jetpack_featured_media_url":"","_links":{"self":[{"href":"https:\/\/www.oparanews.com.br\/index.php\/wp-json\/wp\/v2\/posts\/11903","targetHints":{"allow":["GET"]}}],"collection":[{"href":"https:\/\/www.oparanews.com.br\/index.php\/wp-json\/wp\/v2\/posts"}],"about":[{"href":"https:\/\/www.oparanews.com.br\/index.php\/wp-json\/wp\/v2\/types\/post"}],"author":[{"embeddable":true,"href":"https:\/\/www.oparanews.com.br\/index.php\/wp-json\/wp\/v2\/users\/1"}],"replies":[{"embeddable":true,"href":"https:\/\/www.oparanews.com.br\/index.php\/wp-json\/wp\/v2\/comments?post=11903"}],"version-history":[{"count":0,"href":"https:\/\/www.oparanews.com.br\/index.php\/wp-json\/wp\/v2\/posts\/11903\/revisions"}],"wp:attachment":[{"href":"https:\/\/www.oparanews.com.br\/index.php\/wp-json\/wp\/v2\/media?parent=11903"}],"wp:term":[{"taxonomy":"category","embeddable":true,"href":"https:\/\/www.oparanews.com.br\/index.php\/wp-json\/wp\/v2\/categories?post=11903"},{"taxonomy":"post_tag","embeddable":true,"href":"https:\/\/www.oparanews.com.br\/index.php\/wp-json\/wp\/v2\/tags?post=11903"}],"curies":[{"name":"wp","href":"https:\/\/api.w.org\/{rel}","templated":true}]}}