{"id":11909,"date":"2021-01-06T18:28:03","date_gmt":"2021-01-06T18:28:03","guid":{"rendered":"https:\/\/oparanews.com.br\/?p=11909"},"modified":"2021-01-06T18:28:03","modified_gmt":"2021-01-06T18:28:03","slug":"prefeitura-de-penedo-reabre-unidade-de-sindromes-gripais-em-seu-local-de-origem","status":"publish","type":"post","link":"https:\/\/www.oparanews.com.br\/index.php\/2021\/01\/06\/prefeitura-de-penedo-reabre-unidade-de-sindromes-gripais-em-seu-local-de-origem\/","title":{"rendered":"Prefeitura de Penedo reabre Unidade de S\u00edndromes Gripais em seu local de origem"},"content":{"rendered":"<p>A Unidade de Refer\u00eancia em S\u00edndromes Gripais voltar\u00e1 a funcionar em seu local de origem na cidade de Penedo. O centro de triagem para casos de Covid-19 retornar\u00e1 para a antiga Escola SESI\/SENAI, localizada na Avenida Wanderlei, pr\u00f3ximo da rotat\u00f3ria da Toca do \u00cdndio.<\/p>\n<p>A mudan\u00e7a efetivada por determina\u00e7\u00e3o do governo Ronaldo Lopes\/Jo\u00e3o Lucas ocorre devido ao aumento da procura pelo servi\u00e7o especializado. Por determina\u00e7\u00e3o da nova gest\u00e3o, o hor\u00e1rio de atendimento tamb\u00e9m ser\u00e1 ampliado, agora das 7h \u00e0s 17h.<\/p>\n<p>De acordo com a Diretora da Aten\u00e7\u00e3o B\u00e1sica da Secretaria Municipal de Sa\u00fade (SEMS), Monike Souza Nunes Damasceno, enquanto \u00e9 realizada a mudan\u00e7a para o antigo local da Unidade de Refer\u00eancia, quem apresentar sintomas de Covid-19 em Penedo deve se dirigir at\u00e9 a UPA, onde receber\u00e1 atendimento adequado.<\/p>\n<p>A Unidade de S\u00edndromes Gripais estava funcionando em pr\u00e9dio anexo ao PSF da Cohab devido a redu\u00e7\u00e3o da procura por atendimento. Com o novo aumento de pessoas contaminadas pelo novo coronav\u00edrus, o setor voltar\u00e1 ao seu local de origem, mais amplo e adequado ao trabalho de combate \u00e0 doen\u00e7a.<\/p>\n<p><strong>N\u00fameros em alta<\/strong><\/p>\n<p>A Diretora da Aten\u00e7\u00e3o B\u00e1sica da SEMS Penedo frisou que durante o per\u00edodo de pico da pandemia em Penedo, a Unidade de Refer\u00eancia chegou a registrar um aumento di\u00e1rio de 20 casos.<\/p>\n<p>Atualmente, com o novo crescimento dos n\u00fameros, a m\u00e9dia di\u00e1ria \u00e9 de 10 novos casos diagnosticados na Unidade de S\u00edndromes Gripais, sendo a maior parte entre moradores de bairros situados na parte alta da cidade.<\/p>\n<p>Por conta disso, a Secretaria Municipal de Sa\u00fade realizar\u00e1 uma busca ativa por pacientes nessa \u00e1rea de Penedo, j\u00e1 que o atendimento precoce reduz os riscos de poss\u00edveis complica\u00e7\u00f5es para os pacientes de Covid-19.<\/p>\n<p>A SEMS refor\u00e7a a recomenda\u00e7\u00e3o para que os penedenses dirijam-se \u00e0 Unidade de Refer\u00eancia em S\u00edndromes Gripais assim que sentirem os primeiros sintomas, a fim de receber o devido acompanhamento m\u00e9dico.<\/p>\n<p>&nbsp;<\/p>\n<p><strong>por Thiago Sobral \u2013 Decom\/PMP<\/strong><\/p>\n<p>&nbsp;<\/p>\n","protected":false},"excerpt":{"rendered":"<p>A Unidade de Refer\u00eancia em S\u00edndromes Gripais voltar\u00e1 a funcionar em seu local de origem na cidade de Penedo. O centro de triagem para casos de Covid-19 retornar\u00e1 para a antiga Escola SESI\/SENAI, localizada na Avenida Wanderlei, pr\u00f3ximo da rotat\u00f3ria da Toca do \u00cdndio. A mudan\u00e7a efetivada por determina\u00e7\u00e3o do governo Ronaldo Lopes\/Jo\u00e3o Lucas ocorre &hellip;<\/p>\n","protected":false},"author":1,"featured_media":11910,"comment_status":"closed","ping_status":"closed","sticky":false,"template":"","format":"standard","meta":{"_jetpack_newsletter_access":"","_jetpack_dont_email_post_to_subs":false,"_jetpack_newsletter_tier_id":0,"_jetpack_memberships_contains_paywalled_content":false,"_jetpack_memberships_contains_paid_content":false,"footnotes":""},"categories":[1],"tags":[],"class_list":["post-11909","post","type-post","status-publish","format-standard","has-post-thumbnail","hentry","category-destaque"],"jetpack_sharing_enabled":true,"jetpack_featured_media_url":"","_links":{"self":[{"href":"https:\/\/www.oparanews.com.br\/index.php\/wp-json\/wp\/v2\/posts\/11909","targetHints":{"allow":["GET"]}}],"collection":[{"href":"https:\/\/www.oparanews.com.br\/index.php\/wp-json\/wp\/v2\/posts"}],"about":[{"href":"https:\/\/www.oparanews.com.br\/index.php\/wp-json\/wp\/v2\/types\/post"}],"author":[{"embeddable":true,"href":"https:\/\/www.oparanews.com.br\/index.php\/wp-json\/wp\/v2\/users\/1"}],"replies":[{"embeddable":true,"href":"https:\/\/www.oparanews.com.br\/index.php\/wp-json\/wp\/v2\/comments?post=11909"}],"version-history":[{"count":0,"href":"https:\/\/www.oparanews.com.br\/index.php\/wp-json\/wp\/v2\/posts\/11909\/revisions"}],"wp:attachment":[{"href":"https:\/\/www.oparanews.com.br\/index.php\/wp-json\/wp\/v2\/media?parent=11909"}],"wp:term":[{"taxonomy":"category","embeddable":true,"href":"https:\/\/www.oparanews.com.br\/index.php\/wp-json\/wp\/v2\/categories?post=11909"},{"taxonomy":"post_tag","embeddable":true,"href":"https:\/\/www.oparanews.com.br\/index.php\/wp-json\/wp\/v2\/tags?post=11909"}],"curies":[{"name":"wp","href":"https:\/\/api.w.org\/{rel}","templated":true}]}}