{"id":11912,"date":"2021-01-06T18:30:04","date_gmt":"2021-01-06T18:30:04","guid":{"rendered":"https:\/\/oparanews.com.br\/?p=11912"},"modified":"2021-01-06T18:30:04","modified_gmt":"2021-01-06T18:30:04","slug":"imprensa-e-o-maior-problema-do-brasil-diz-bolsonaro","status":"publish","type":"post","link":"https:\/\/www.oparanews.com.br\/index.php\/2021\/01\/06\/imprensa-e-o-maior-problema-do-brasil-diz-bolsonaro\/","title":{"rendered":"&#8220;Imprensa \u00e9 o maior problema do Brasil&#8221;, diz Bolsonaro"},"content":{"rendered":"<p>O presidente Jair Bolsonaro disse nesta quarta-feira, 6, que a imprensa \u00e9 o maior problema do Brasil e classificou alguns ve\u00edculos de comunica\u00e7\u00e3o como piores do que lixo, argumentando que o lixo ao menos pode ser reciclado, enquanto a m\u00eddia, na vis\u00e3o do presidente &#8220;n\u00e3o serve para nada&#8221;.<\/p>\n<p>&#8220;O maior problema do Brasil n\u00e3o \u00e9 com alguns \u00f3rg\u00e3os, \u00e9 a imprensa&#8221;, disse Bolsonaro a apoiadores ao deixar o Pal\u00e1cio da Alvorada pela manh\u00e3. &#8220;Se eu me preocupar com o que a m\u00eddia escreve, n\u00e3o saio de casa.&#8221;<\/p>\n<p>O v\u00eddeo com as declara\u00e7\u00f5es do presidente foi divulgado em canal de Youtube que apoia Bolsonaro.<\/p>\n<p>O presidente reclamou da repercuss\u00e3o dada na v\u00e9spera pela imprensa das declara\u00e7\u00f5es que deu a apoiadores quando disse que &#8220;o Brasil est\u00e1 quebrado&#8221; e atribuiu parte do desemprego no pa\u00eds ao fato de, na vis\u00e3o dele, o brasileiro n\u00e3o estar preparado para fazer &#8220;quase nada&#8221;.<\/p>\n<p>Ele lembrou que no ano retrasado determinou o cancelamento de assinatura de \u00f3rg\u00e3os da imprensa pelo governo federal.<\/p>\n<p>&#8220;No final de 2019 eu acabei com todas as assinaturas de jornais. Isto\u00c9, Veja, Estad\u00e3o, Globo, Folha. Todos os ministros recebiam, mais alguns \u00f3rg\u00e3os&#8221;, disse.<\/p>\n<p>&#8220;Quem quiser comprar lixo, vai na rodovi\u00e1ria. N\u00e3o \u00e9 nem lixo, porque lixo \u00e9 recicl\u00e1vel. N\u00e3o serve para nada, s\u00f3 fofoca, mentira o tempo todo&#8221;, acrescentou.<\/p>\n<p>Bolsonaro ataca constantemente a imprensa e responsabiliza jornalistas e ve\u00edculos de comunica\u00e7\u00e3o, por exemplo, por, na vis\u00e3o dele, ter maximizado a pandemia de Covid-19, doen\u00e7a que j\u00e1 matou mais de 197 mil pessoas no Brasil.<\/p>\n<p>O presidente j\u00e1 classificou a doen\u00e7a como uma &#8220;gripezinha&#8221; e que a pandemia deveria ser enfrentada &#8220;de peito aberto&#8221;, reclamando que, segundo ele, o Brasil est\u00e1 se tornando um pa\u00eds de &#8220;maricas&#8221;.<\/p>\n<p>&nbsp;<\/p>\n<p><strong>Fonte: Terra<\/strong><\/p>\n<p>&nbsp;<\/p>\n","protected":false},"excerpt":{"rendered":"<p>O presidente Jair Bolsonaro disse nesta quarta-feira, 6, que a imprensa \u00e9 o maior problema do Brasil e classificou alguns ve\u00edculos de comunica\u00e7\u00e3o como piores do que lixo, argumentando que o lixo ao menos pode ser reciclado, enquanto a m\u00eddia, na vis\u00e3o do presidente &#8220;n\u00e3o serve para nada&#8221;. &#8220;O maior problema do Brasil n\u00e3o \u00e9 &hellip;<\/p>\n","protected":false},"author":1,"featured_media":11913,"comment_status":"closed","ping_status":"closed","sticky":false,"template":"","format":"standard","meta":{"_jetpack_newsletter_access":"","_jetpack_dont_email_post_to_subs":false,"_jetpack_newsletter_tier_id":0,"_jetpack_memberships_contains_paywalled_content":false,"_jetpack_memberships_contains_paid_content":false,"footnotes":""},"categories":[1],"tags":[],"class_list":["post-11912","post","type-post","status-publish","format-standard","has-post-thumbnail","hentry","category-destaque"],"jetpack_sharing_enabled":true,"jetpack_featured_media_url":"","_links":{"self":[{"href":"https:\/\/www.oparanews.com.br\/index.php\/wp-json\/wp\/v2\/posts\/11912","targetHints":{"allow":["GET"]}}],"collection":[{"href":"https:\/\/www.oparanews.com.br\/index.php\/wp-json\/wp\/v2\/posts"}],"about":[{"href":"https:\/\/www.oparanews.com.br\/index.php\/wp-json\/wp\/v2\/types\/post"}],"author":[{"embeddable":true,"href":"https:\/\/www.oparanews.com.br\/index.php\/wp-json\/wp\/v2\/users\/1"}],"replies":[{"embeddable":true,"href":"https:\/\/www.oparanews.com.br\/index.php\/wp-json\/wp\/v2\/comments?post=11912"}],"version-history":[{"count":0,"href":"https:\/\/www.oparanews.com.br\/index.php\/wp-json\/wp\/v2\/posts\/11912\/revisions"}],"wp:attachment":[{"href":"https:\/\/www.oparanews.com.br\/index.php\/wp-json\/wp\/v2\/media?parent=11912"}],"wp:term":[{"taxonomy":"category","embeddable":true,"href":"https:\/\/www.oparanews.com.br\/index.php\/wp-json\/wp\/v2\/categories?post=11912"},{"taxonomy":"post_tag","embeddable":true,"href":"https:\/\/www.oparanews.com.br\/index.php\/wp-json\/wp\/v2\/tags?post=11912"}],"curies":[{"name":"wp","href":"https:\/\/api.w.org\/{rel}","templated":true}]}}