{"id":11921,"date":"2021-01-08T12:34:09","date_gmt":"2021-01-08T12:34:09","guid":{"rendered":"https:\/\/oparanews.com.br\/?p=11921"},"modified":"2021-01-08T12:34:09","modified_gmt":"2021-01-08T12:34:09","slug":"pre-matricula-online-para-novatos-da-rede-estadual-comeca-hoje","status":"publish","type":"post","link":"https:\/\/www.oparanews.com.br\/index.php\/2021\/01\/08\/pre-matricula-online-para-novatos-da-rede-estadual-comeca-hoje\/","title":{"rendered":"Pr\u00e9-matr\u00edcula online para novatos da rede estadual come\u00e7a hoje"},"content":{"rendered":"<p>A pr\u00e9-matr\u00edcula online para novatos da rede p\u00fablica estadual referente ao ano letivo 2021 come\u00e7a nesta sexta-feira (8). S\u00e3o mais de 60 mil vagas para toda a rede de ensino. O procedimento vale para os alunos que est\u00e3o ingressando ou retornando \u00e0 rede estadual de ensino.<\/p>\n<p>Segundo a Secretaria de Estado da Educa\u00e7\u00e3o (Seduc), a pr\u00e9-matr\u00edcula deve ser feita no site da Matr\u00edcula Online (clique aqui) at\u00e9 o dia 15 de janeiro.<\/p>\n<p>Ser\u00e3o ofertadas vagas para as seguintes s\u00e9ries:<\/p>\n<p>1\u00ba e 6\u00ba anos do ensino fundamental;<br \/>\n1\u00aa s\u00e9rie do m\u00e9dio integral;<br \/>\n1\u00ba e 5\u00ba per\u00edodos do turno diurno do EJA fundamental;<br \/>\n1\u00ba e 6\u00ba per\u00edodos do turno noturno do EJA fundamental<br \/>\n1\u00ba per\u00edodo do EJA m\u00e9dio.<\/p>\n<p>A idade m\u00ednima exigida para matr\u00edcula no EJA fundamental \u00e9 de 15 anos, enquanto para o m\u00e9dio \u00e9 de 18 anos.<\/p>\n<p>Para as demais s\u00e9ries, o interessado deve procurar a escola mais pr\u00f3xima para saber se a mesma possui vagas.<\/p>\n<p>Para os estudantes e respons\u00e1veis que n\u00e3o t\u00eam acesso \u00e0 internet, a inscri\u00e7\u00e3o pode ser feita nas unidades de ensino da rede estadual ou por meio da Ger\u00eancia Regional de Educa\u00e7\u00e3o (Gere) mais pr\u00f3xima. Todas ser\u00e3o pontos de apoio \u00e0 comunidade escolar.<\/p>\n<p><strong>Cadastro<\/strong><\/p>\n<p>No ato da pr\u00e9-matr\u00edcula, o estudante ou seus respons\u00e1veis legais dever\u00e3o informar o nome completo do estudante, data de nascimento, sexo, CPF, endere\u00e7o completo com CEP, telefone, endere\u00e7o de e-mail, nome da m\u00e3e e pai ou respons\u00e1veis.<\/p>\n<p>Devem tamb\u00e9m declarar se o aluno possui defici\u00eancia, sua escola de origem, ano ou s\u00e9rie que cursar\u00e1, turno e selecionar at\u00e9 tr\u00eas op\u00e7\u00f5es de escola.<\/p>\n<p><strong>Resultados<\/strong><\/p>\n<p>Efetuada a pr\u00e9-matr\u00edcula, o interessado deve retornar ao site da matr\u00edcula online no per\u00edodo de 22 a 25 de janeiro para saber em qual escola o candidato foi alocado. A confirma\u00e7\u00e3o presencial de matr\u00edcula, com a entrega de documenta\u00e7\u00e3o do aluno na unidade de ensino selecionada, acontece de 25 a 29 de janeiro. Este procedimento \u00e9 essencial para a garantia da vaga.<\/p>\n<p>Veja o calend\u00e1rio para as matr\u00edculas 2021:<\/p>\n<p>8 a 15\/01\/2021 \u2013 Novas matr\u00edculas;<br \/>\n22 a 25\/01\/2021 \u2013 Divulga\u00e7\u00e3o dos resultados e confirma\u00e7\u00e3o da matr\u00edcula;<br \/>\n25\/01 a 29\/01\/2021 \u2013 Confirma\u00e7\u00e3o presencial da matr\u00edcula.<\/p>\n<p>&nbsp;<\/p>\n<p><strong>Fonte: G1\/AL<\/strong><\/p>\n<p>&nbsp;<\/p>\n","protected":false},"excerpt":{"rendered":"<p>A pr\u00e9-matr\u00edcula online para novatos da rede p\u00fablica estadual referente ao ano letivo 2021 come\u00e7a nesta sexta-feira (8). S\u00e3o mais de 60 mil vagas para toda a rede de ensino. O procedimento vale para os alunos que est\u00e3o ingressando ou retornando \u00e0 rede estadual de ensino. Segundo a Secretaria de Estado da Educa\u00e7\u00e3o (Seduc), a &hellip;<\/p>\n","protected":false},"author":1,"featured_media":11922,"comment_status":"closed","ping_status":"closed","sticky":false,"template":"","format":"standard","meta":{"_jetpack_newsletter_access":"","_jetpack_dont_email_post_to_subs":false,"_jetpack_newsletter_tier_id":0,"_jetpack_memberships_contains_paywalled_content":false,"_jetpack_memberships_contains_paid_content":false,"footnotes":""},"categories":[1],"tags":[],"class_list":["post-11921","post","type-post","status-publish","format-standard","has-post-thumbnail","hentry","category-destaque"],"jetpack_sharing_enabled":true,"jetpack_featured_media_url":"","_links":{"self":[{"href":"https:\/\/www.oparanews.com.br\/index.php\/wp-json\/wp\/v2\/posts\/11921","targetHints":{"allow":["GET"]}}],"collection":[{"href":"https:\/\/www.oparanews.com.br\/index.php\/wp-json\/wp\/v2\/posts"}],"about":[{"href":"https:\/\/www.oparanews.com.br\/index.php\/wp-json\/wp\/v2\/types\/post"}],"author":[{"embeddable":true,"href":"https:\/\/www.oparanews.com.br\/index.php\/wp-json\/wp\/v2\/users\/1"}],"replies":[{"embeddable":true,"href":"https:\/\/www.oparanews.com.br\/index.php\/wp-json\/wp\/v2\/comments?post=11921"}],"version-history":[{"count":0,"href":"https:\/\/www.oparanews.com.br\/index.php\/wp-json\/wp\/v2\/posts\/11921\/revisions"}],"wp:attachment":[{"href":"https:\/\/www.oparanews.com.br\/index.php\/wp-json\/wp\/v2\/media?parent=11921"}],"wp:term":[{"taxonomy":"category","embeddable":true,"href":"https:\/\/www.oparanews.com.br\/index.php\/wp-json\/wp\/v2\/categories?post=11921"},{"taxonomy":"post_tag","embeddable":true,"href":"https:\/\/www.oparanews.com.br\/index.php\/wp-json\/wp\/v2\/tags?post=11921"}],"curies":[{"name":"wp","href":"https:\/\/api.w.org\/{rel}","templated":true}]}}