{"id":11936,"date":"2021-01-08T13:54:19","date_gmt":"2021-01-08T13:54:19","guid":{"rendered":"https:\/\/oparanews.com.br\/?p=11936"},"modified":"2021-01-08T13:54:19","modified_gmt":"2021-01-08T13:54:19","slug":"louvor-ao-bom-jesus-dos-navegantes-em-penedo-e-transmitido-nas-redes-sociais-e-por-emissoras-de-radio","status":"publish","type":"post","link":"https:\/\/www.oparanews.com.br\/index.php\/2021\/01\/08\/louvor-ao-bom-jesus-dos-navegantes-em-penedo-e-transmitido-nas-redes-sociais-e-por-emissoras-de-radio\/","title":{"rendered":"Louvor ao Bom Jesus dos Navegantes, em Penedo, \u00e9 transmitido nas redes sociais e por emissoras de r\u00e1dio"},"content":{"rendered":"<p>O tr\u00edduo de louvor ao Glorioso Bom Jesus dos Navegantes, realizado em Penedo, est\u00e1 sendo transmitido, em tempo real, por emissoras de r\u00e1dio e pela Internet. A veicula\u00e7\u00e3o na m\u00eddia de amplo alcance e redes sociais permite o acompanhamento da maior festa religiosa de Alagoas, sem que a pessoa se exponha ao risco de cont\u00e1gio por Covid-19.<\/p>\n<p>Outra medida relacionada com a pandemia do coronav\u00edrus \u00e9 a transfer\u00eancia das celebra\u00e7\u00f5es lit\u00fargicas para a Pra\u00e7a da F\u00e9, espa\u00e7o organizado pela Prefeitura de Penedo.<\/p>\n<p>Sob ampla estrutura coberta e com cadeiras dispostas para conforto dos fi\u00e9is, respeitando o distanciamento social, a primeira missa da 137\u00aa edi\u00e7\u00e3o dos festejos na comunidade da Santa Cruz foi realizada na noite desta quinta-feira, 07.<\/p>\n<p>A celebra\u00e7\u00e3o ficou a cargo dos padres Paulo Lima e Edinaldo Santos, com anima\u00e7\u00e3o lit\u00fargica do Coral Anima Christi. Sob c\u00e2nticos, aplausos e l\u00e1grimas dos devotos, a imagem do Bom Jesus dos Navegantes foi transportada da capela para o palco da Pra\u00e7a da F\u00e9, missa iniciada \u00e0s 19 horas e encerrada pouco antes das 21 horas.<\/p>\n<p>Quem quiser acompanhar a segunda noite do tr\u00edduo de louvor, basta sintonizar emissoras de r\u00e1dio de Penedo ou acessar umas das redes sociais da Prefeitura de Penedo ou da Diocese de Penedo. A transmiss\u00e3o tem in\u00edcio \u00e0s 19 horas.<\/p>\n<p>No domingo, 10, n\u00e3o haver\u00e1 prociss\u00e3o terrestre, mais uma medida de preven\u00e7\u00e3o contra a Covid-19. O transporte da imagem do santo padroeiro dos ribeirinhos est\u00e1 mantido para as 15 horas, sendo que em carreata, at\u00e9 o porto das balsas.<\/p>\n<p>Depois de navegar no Rio S\u00e3o Francisco, ponto alto da romaria, uma nova carreata ser\u00e1 realizada, em dire\u00e7\u00e3o a parte alta de Penedo. A previs\u00e3o \u00e9 retornar para a Pra\u00e7a da F\u00e9 \u00e0s 20 horas, sendo toda a programa\u00e7\u00e3o transmitida ao vivo, em \u00e1udio e v\u00eddeo.<\/p>\n<p><strong>Prefeitura de Penedo<\/strong><\/p>\n<p>&nbsp;<\/p>\n<p><a href=\"https:\/\/www.facebook.com\/PrefeituraPenedo\">https:\/\/www.facebook.com\/PrefeituraPenedo<\/a><\/p>\n<p><a href=\"https:\/\/www.youtube.com\/channel\/UCcnvDsKUmBRVS9ROW2pFGIw\">https:\/\/www.youtube.com\/channel\/UCcnvDsKUmBRVS9ROW2pFGIw<\/a><\/p>\n<p><a href=\"https:\/\/www.instagram.com\/prefeituradepenedo\/?hl=pt-br\">https:\/\/www.instagram.com\/prefeituradepenedo\/?hl=pt-br<\/a><\/p>\n<p><strong>Diocese de Penedo<\/strong><\/p>\n<p><a href=\"https:\/\/www.facebook.com\/diocesedepenedohttps:\/\/www.youtube.com\/channel\/UCKP9TYzPBNJp6IEHRNqiZbw\/videoshttps:\/\/www.instagram.com\/diocesedepenedooficial\/?hl=pt-br\">https:\/\/www.facebook.com\/diocesedepenedo <\/a><br \/>\n<a href=\"https:\/\/www.facebook.com\/diocesedepenedohttps:\/\/www.youtube.com\/channel\/UCKP9TYzPBNJp6IEHRNqiZbw\/videoshttps:\/\/www.instagram.com\/diocesedepenedooficial\/?hl=pt-br\">https:\/\/www.youtube.com\/channel\/UCKP9TYzPBNJp6IEHRNqiZbw\/videos<\/a><br \/>\n<a href=\"https:\/\/www.facebook.com\/diocesedepenedohttps:\/\/www.youtube.com\/channel\/UCKP9TYzPBNJp6IEHRNqiZbw\/videoshttps:\/\/www.instagram.com\/diocesedepenedooficial\/?hl=pt-br\">https:\/\/www.instagram.com\/diocesedepenedooficial\/?hl=pt-br<\/a><\/p>\n<p>&nbsp;<\/p>\n<p><strong>por Fernando Vin\u00edcius \u2013 Decom PMP<\/strong><br \/>\n<strong>Foto: Deywisson Duarte \u2013 fot\u00f3grafo Decom PMP<\/strong><\/p>\n<p>&nbsp;<\/p>\n","protected":false},"excerpt":{"rendered":"<p>O tr\u00edduo de louvor ao Glorioso Bom Jesus dos Navegantes, realizado em Penedo, est\u00e1 sendo transmitido, em tempo real, por emissoras de r\u00e1dio e pela Internet. A veicula\u00e7\u00e3o na m\u00eddia de amplo alcance e redes sociais permite o acompanhamento da maior festa religiosa de Alagoas, sem que a pessoa se exponha ao risco de cont\u00e1gio &hellip;<\/p>\n","protected":false},"author":1,"featured_media":11937,"comment_status":"closed","ping_status":"closed","sticky":false,"template":"","format":"standard","meta":{"_jetpack_newsletter_access":"","_jetpack_dont_email_post_to_subs":false,"_jetpack_newsletter_tier_id":0,"_jetpack_memberships_contains_paywalled_content":false,"_jetpack_memberships_contains_paid_content":false,"footnotes":""},"categories":[1],"tags":[],"class_list":["post-11936","post","type-post","status-publish","format-standard","has-post-thumbnail","hentry","category-destaque"],"jetpack_sharing_enabled":true,"jetpack_featured_media_url":"","_links":{"self":[{"href":"https:\/\/www.oparanews.com.br\/index.php\/wp-json\/wp\/v2\/posts\/11936","targetHints":{"allow":["GET"]}}],"collection":[{"href":"https:\/\/www.oparanews.com.br\/index.php\/wp-json\/wp\/v2\/posts"}],"about":[{"href":"https:\/\/www.oparanews.com.br\/index.php\/wp-json\/wp\/v2\/types\/post"}],"author":[{"embeddable":true,"href":"https:\/\/www.oparanews.com.br\/index.php\/wp-json\/wp\/v2\/users\/1"}],"replies":[{"embeddable":true,"href":"https:\/\/www.oparanews.com.br\/index.php\/wp-json\/wp\/v2\/comments?post=11936"}],"version-history":[{"count":0,"href":"https:\/\/www.oparanews.com.br\/index.php\/wp-json\/wp\/v2\/posts\/11936\/revisions"}],"wp:attachment":[{"href":"https:\/\/www.oparanews.com.br\/index.php\/wp-json\/wp\/v2\/media?parent=11936"}],"wp:term":[{"taxonomy":"category","embeddable":true,"href":"https:\/\/www.oparanews.com.br\/index.php\/wp-json\/wp\/v2\/categories?post=11936"},{"taxonomy":"post_tag","embeddable":true,"href":"https:\/\/www.oparanews.com.br\/index.php\/wp-json\/wp\/v2\/tags?post=11936"}],"curies":[{"name":"wp","href":"https:\/\/api.w.org\/{rel}","templated":true}]}}