{"id":11942,"date":"2021-01-08T18:30:23","date_gmt":"2021-01-08T18:30:23","guid":{"rendered":"https:\/\/oparanews.com.br\/?p=11942"},"modified":"2021-01-08T18:30:23","modified_gmt":"2021-01-08T18:30:23","slug":"fiocruz-pede-a-anvisa-uso-emergencial-da-vacina-de-oxford","status":"publish","type":"post","link":"https:\/\/www.oparanews.com.br\/index.php\/2021\/01\/08\/fiocruz-pede-a-anvisa-uso-emergencial-da-vacina-de-oxford\/","title":{"rendered":"Fiocruz pede \u00e0 Anvisa uso emergencial da vacina de Oxford"},"content":{"rendered":"<p>A Funda\u00e7\u00e3o Oswaldo Cruz (Fiocruz) pediu \u00e0 Ag\u00eancia Nacional de Vigil\u00e2ncia Sanit\u00e1ria (Anvisa) autoriza\u00e7\u00e3o para uso emergencial da vacina contra a covid-19 desenvolvida pela AstraZeneca e pela Universidade de Oxford.<\/p>\n<p>&#8220;O pedido da Fiocruz \u00e9 para o uso de 2 milh\u00f5es de doses de vacinas que devem ser importadas do laborat\u00f3rio Serum, sediado na \u00cdndia. O laborat\u00f3rio \u00e9 um dos fabricantes da vacina da AstraZeneca&#8221;, disse a Anvisa em nota.<\/p>\n<p>O \u00f3rg\u00e3o regulador j\u00e1 havia autorizado a importa\u00e7\u00e3o das doses, que poder\u00e3o ser usadas para iniciar a imuniza\u00e7\u00e3o nos brasileiros enquanto a Fiocruz inicia a produ\u00e7\u00e3o no pa\u00eds da mesma vacina.<\/p>\n<p>O imunizante \u00e9 a principal aposta do governo federal para a vacina\u00e7\u00e3o dos brasileiros a fim de conter a pandemia do novo coronav\u00edrus no pa\u00eds. At\u00e9 o fim do ano, o governo federal espera contar com 210 milh\u00f5es de doses da vacina da Fiocruz.<\/p>\n<p>Esperava-se que a Fiocruz apresentasse a solicita\u00e7\u00e3o at\u00e9 quarta-feira, mas pedidos adicionais de informa\u00e7\u00f5es por parte da Anvisa a respeito da vacina a ser importada da \u00cdndia adiaram essa data para esta sexta-feira.<\/p>\n<p>Como o prazo da Anvisa para avaliar uso emergencial de vacinas \u00e9 de at\u00e9 dez dias, a expectativa \u00e9 que a autoriza\u00e7\u00e3o para esse tipo de aplica\u00e7\u00e3o pela Fiocruz saia at\u00e9 18 de janeiro. Entre tr\u00eas possibilidades de datas do Minist\u00e9rio da Sa\u00fade para iniciar a imuniza\u00e7\u00e3o nacional contra o novo coronav\u00edrus, a mais otimista veria a partida dada em 20 de janeiro.<\/p>\n<p>Nesta sexta-feira, a Anvisa tamb\u00e9m recebeu o pedido do Instituto Butant\u00e3o para autoriza\u00e7\u00e3o tempor\u00e1ria de uso emergencial e em car\u00e1ter experimental da Coronavac.<\/p>\n<p>Sem detalhar os dados, o Butant\u00e3 afirma que a Coronavac tem efic\u00e1cia de 78% para evitar casos leves do novo coronav\u00edrus e de 100% par quadros moderados e graves. O Minist\u00e9rio da Sa\u00fade pretende comprar 100 milh\u00f5es de doses da vacina em 2021, ou seja, toda a produ\u00e7\u00e3o do instituto.<\/p>\n<p>&nbsp;<\/p>\n<p><strong>Com informa\u00e7\u00f5es do Estad\u00e3o Conte\u00fado e Reuters<\/strong><\/p>\n<p>&nbsp;<\/p>\n","protected":false},"excerpt":{"rendered":"<p>A Funda\u00e7\u00e3o Oswaldo Cruz (Fiocruz) pediu \u00e0 Ag\u00eancia Nacional de Vigil\u00e2ncia Sanit\u00e1ria (Anvisa) autoriza\u00e7\u00e3o para uso emergencial da vacina contra a covid-19 desenvolvida pela AstraZeneca e pela Universidade de Oxford. &#8220;O pedido da Fiocruz \u00e9 para o uso de 2 milh\u00f5es de doses de vacinas que devem ser importadas do laborat\u00f3rio Serum, sediado na \u00cdndia. &hellip;<\/p>\n","protected":false},"author":1,"featured_media":11943,"comment_status":"closed","ping_status":"closed","sticky":false,"template":"","format":"standard","meta":{"_jetpack_newsletter_access":"","_jetpack_dont_email_post_to_subs":false,"_jetpack_newsletter_tier_id":0,"_jetpack_memberships_contains_paywalled_content":false,"_jetpack_memberships_contains_paid_content":false,"footnotes":""},"categories":[1],"tags":[],"class_list":["post-11942","post","type-post","status-publish","format-standard","has-post-thumbnail","hentry","category-destaque"],"jetpack_sharing_enabled":true,"jetpack_featured_media_url":"","_links":{"self":[{"href":"https:\/\/www.oparanews.com.br\/index.php\/wp-json\/wp\/v2\/posts\/11942","targetHints":{"allow":["GET"]}}],"collection":[{"href":"https:\/\/www.oparanews.com.br\/index.php\/wp-json\/wp\/v2\/posts"}],"about":[{"href":"https:\/\/www.oparanews.com.br\/index.php\/wp-json\/wp\/v2\/types\/post"}],"author":[{"embeddable":true,"href":"https:\/\/www.oparanews.com.br\/index.php\/wp-json\/wp\/v2\/users\/1"}],"replies":[{"embeddable":true,"href":"https:\/\/www.oparanews.com.br\/index.php\/wp-json\/wp\/v2\/comments?post=11942"}],"version-history":[{"count":0,"href":"https:\/\/www.oparanews.com.br\/index.php\/wp-json\/wp\/v2\/posts\/11942\/revisions"}],"wp:attachment":[{"href":"https:\/\/www.oparanews.com.br\/index.php\/wp-json\/wp\/v2\/media?parent=11942"}],"wp:term":[{"taxonomy":"category","embeddable":true,"href":"https:\/\/www.oparanews.com.br\/index.php\/wp-json\/wp\/v2\/categories?post=11942"},{"taxonomy":"post_tag","embeddable":true,"href":"https:\/\/www.oparanews.com.br\/index.php\/wp-json\/wp\/v2\/tags?post=11942"}],"curies":[{"name":"wp","href":"https:\/\/api.w.org\/{rel}","templated":true}]}}