{"id":11945,"date":"2021-01-08T18:44:50","date_gmt":"2021-01-08T18:44:50","guid":{"rendered":"https:\/\/oparanews.com.br\/?p=11945"},"modified":"2021-01-08T18:44:50","modified_gmt":"2021-01-08T18:44:50","slug":"secretaria-de-saude-de-penedo-se-posiciona-em-relacao-a-falta-de-alguns-medicamentos","status":"publish","type":"post","link":"https:\/\/www.oparanews.com.br\/index.php\/2021\/01\/08\/secretaria-de-saude-de-penedo-se-posiciona-em-relacao-a-falta-de-alguns-medicamentos\/","title":{"rendered":"Secretaria de Sa\u00fade de Penedo se posiciona em rela\u00e7\u00e3o a falta de alguns medicamentos"},"content":{"rendered":"<p>Em entrevista ao Programa Realidade da R\u00e1dio Penedo FM, 97,3, o Diretor do Departamento de Assist\u00eancia Farmac\u00eautica e Vigil\u00e2ncia Sanit\u00e1ria, \u00c2ngelo Mendes, falou sobre a reclama\u00e7\u00e3o de alguns pacientes da rede p\u00fablica municipal sobre a falta de medicamentos que normalmente s\u00e3o fornecidos pela SEMS Penedo.<\/p>\n<p>\u00c2ngelo Mendes explicou que devido a pandemia do novo Coronav\u00edrus, o Conisul- Cons\u00f3rcio Intermunicipal do Sul do Estado de Alagoas teve problemas com o abastecimento desses medicamentos, impossibilitando a compra de diversos itens, devido ao desabastecimento provocado pela Covid-19.<\/p>\n<p>Por\u00e9m para resolver o problema de forma emergencial, a SEMS Penedo j\u00e1 est\u00e1 realizando um processo licitat\u00f3rio em car\u00e1ter de urg\u00eancia, para realizar essa compra, garantindo que os pacientes que fazem uso desses medicamentos, possam receb\u00ea-los o mais r\u00e1pido poss\u00edvel. Entre os itens que est\u00e3o em falta e ser\u00e3o comprados est\u00e3o o Diazepam e o Carbonato de L\u00edtio.<\/p>\n<p>O Diretor do Departamento de Assist\u00eancia Farmac\u00eautica e Vigil\u00e2ncia Sanit\u00e1ria tamb\u00e9m explicou que diversos medicamentos que antes da exist\u00eancia do Conisul n\u00e3o eram fornecidos pelo SUS, passaram a ser entregues \u00e0 popula\u00e7\u00e3o ap\u00f3s as compras come\u00e7arem a serem feitas de forma consorciada.<\/p>\n<p><strong>Entrega em Casa<\/strong><\/p>\n<p>Outro ponto abordado durante a entrevista foi a entrega de medicamentos nas resid\u00eancias das pessoas com dificuldade de locomo\u00e7\u00e3o, entre outras quest\u00f5es que as impossibilitem de retir\u00e1-los na Farm\u00e1cia Central do munic\u00edpio.<\/p>\n<p>Finalizando a entrevista, \u00c2ngelo Mendes destacou a import\u00e2ncia dos agentes p\u00fablicos em prestar contas \u00e0 sociedade e em trabalhar para resolver os problemas da popula\u00e7\u00e3o, sendo essa uma prioridade da gest\u00e3o Ronaldo Lopes\/Jo\u00e3o Lucas.<\/p>\n<p>&nbsp;<\/p>\n<p><strong>Fonte: Decom &#8211; PMP<\/strong><\/p>\n<p>&nbsp;<\/p>\n","protected":false},"excerpt":{"rendered":"<p>Em entrevista ao Programa Realidade da R\u00e1dio Penedo FM, 97,3, o Diretor do Departamento de Assist\u00eancia Farmac\u00eautica e Vigil\u00e2ncia Sanit\u00e1ria, \u00c2ngelo Mendes, falou sobre a reclama\u00e7\u00e3o de alguns pacientes da rede p\u00fablica municipal sobre a falta de medicamentos que normalmente s\u00e3o fornecidos pela SEMS Penedo. \u00c2ngelo Mendes explicou que devido a pandemia do novo Coronav\u00edrus, &hellip;<\/p>\n","protected":false},"author":1,"featured_media":2777,"comment_status":"closed","ping_status":"closed","sticky":false,"template":"","format":"standard","meta":{"_jetpack_newsletter_access":"","_jetpack_dont_email_post_to_subs":false,"_jetpack_newsletter_tier_id":0,"_jetpack_memberships_contains_paywalled_content":false,"_jetpack_memberships_contains_paid_content":false,"footnotes":""},"categories":[1],"tags":[],"class_list":["post-11945","post","type-post","status-publish","format-standard","has-post-thumbnail","hentry","category-destaque"],"jetpack_sharing_enabled":true,"jetpack_featured_media_url":"","_links":{"self":[{"href":"https:\/\/www.oparanews.com.br\/index.php\/wp-json\/wp\/v2\/posts\/11945","targetHints":{"allow":["GET"]}}],"collection":[{"href":"https:\/\/www.oparanews.com.br\/index.php\/wp-json\/wp\/v2\/posts"}],"about":[{"href":"https:\/\/www.oparanews.com.br\/index.php\/wp-json\/wp\/v2\/types\/post"}],"author":[{"embeddable":true,"href":"https:\/\/www.oparanews.com.br\/index.php\/wp-json\/wp\/v2\/users\/1"}],"replies":[{"embeddable":true,"href":"https:\/\/www.oparanews.com.br\/index.php\/wp-json\/wp\/v2\/comments?post=11945"}],"version-history":[{"count":0,"href":"https:\/\/www.oparanews.com.br\/index.php\/wp-json\/wp\/v2\/posts\/11945\/revisions"}],"wp:attachment":[{"href":"https:\/\/www.oparanews.com.br\/index.php\/wp-json\/wp\/v2\/media?parent=11945"}],"wp:term":[{"taxonomy":"category","embeddable":true,"href":"https:\/\/www.oparanews.com.br\/index.php\/wp-json\/wp\/v2\/categories?post=11945"},{"taxonomy":"post_tag","embeddable":true,"href":"https:\/\/www.oparanews.com.br\/index.php\/wp-json\/wp\/v2\/tags?post=11945"}],"curies":[{"name":"wp","href":"https:\/\/api.w.org\/{rel}","templated":true}]}}