{"id":11950,"date":"2021-01-08T20:29:49","date_gmt":"2021-01-08T20:29:49","guid":{"rendered":"https:\/\/oparanews.com.br\/?p=11950"},"modified":"2021-01-08T20:29:49","modified_gmt":"2021-01-08T20:29:49","slug":"prefeitura-de-penedo-ja-tem-plano-para-vacinacao-contra-covid-19-elaborado","status":"publish","type":"post","link":"https:\/\/www.oparanews.com.br\/index.php\/2021\/01\/08\/prefeitura-de-penedo-ja-tem-plano-para-vacinacao-contra-covid-19-elaborado\/","title":{"rendered":"Prefeitura de Penedo j\u00e1 tem plano para vacina\u00e7\u00e3o contra Covid-19 elaborado"},"content":{"rendered":"<p>Estoque de seringas garantido, salas para vacina\u00e7\u00e3o registradas no Minist\u00e9rio da Sa\u00fade e rede de refrigera\u00e7\u00e3o compat\u00edvel para armazenar doses de vacina. Os requisitos b\u00e1sicos para desenvolver campanhas de vacina\u00e7\u00e3o existem em Penedo e garantem a elabora\u00e7\u00e3o do plano que imunizar\u00e1 a popula\u00e7\u00e3o contra a Covid-19.<\/p>\n<p>A operacionaliza\u00e7\u00e3o da medida de maior efic\u00e1cia contra a doen\u00e7a que j\u00e1 tirou a vida de mais de 200 mil pessoas, no Brasil, est\u00e1 pronta na cidade hist\u00f3rica.<\/p>\n<p>\u201cO nosso plano ser\u00e1 apresentado ao Prefeito Ronaldo Lopes na pr\u00f3xima segunda-feira, no per\u00edodo da tarde, porque pela manh\u00e3 iremos participar do primeiro treinamento do governo federal sobre os aplicativos de cadastro e isso ser\u00e1 tamb\u00e9m inclu\u00eddo no plano\u201d, explica Guilherme Lopes, Secret\u00e1rio Municipal de Sa\u00fade.<\/p>\n<p>\u201cA gente j\u00e1 tem as salas de vacina\u00e7\u00e3o cadastradas no sistema de informa\u00e7\u00e3o do Minist\u00e9rio da Sa\u00fade e isso \u00e9 indispens\u00e1vel para o recebimento de imunobiol\u00f3gicos e o registro das pessoas vacinadas\u201d, acrescenta o gestor da SEMS Penedo.<\/p>\n<p>Outro aspecto fundamental que habilita Penedo na promo\u00e7\u00e3o de campanhas que salvam vidas s\u00e3o as c\u00e2maras refrigeradas. A rede local tem capacidade para armazenar 50 mil doses de vacina, com gerador que assegura a manuten\u00e7\u00e3o de temperatura adequada por at\u00e9 48 horas, em caso de queda de energia.<\/p>\n<p>Por conta dessa condi\u00e7\u00e3o, a Secretaria Municipal de Sa\u00fade de Penedo tem estrutura para dar suporte \u00e0s cidades vizinhas, entre elas Igreja Nova e Porto Real do Col\u00e9gio.<\/p>\n<p>Guilherme Lopes acrescenta que a quantidade de seringas dispon\u00edvel em Penedo \u00e9 suficiente para a primeira fase de vacina\u00e7\u00e3o, trabalho que dever\u00e1 ocorrer em local espec\u00edfico, seguindo a ordem de prioridade estabelecida como padr\u00e3o. \u201cJ\u00e1 estamos preparados, de fato, para receber as vacinas contra o novo coronav\u00edrus\u201d, concluiu o Secret\u00e1rio de Sa\u00fade de Penedo.<\/p>\n<p>&nbsp;<\/p>\n<p><strong>Fonte: Decom &#8211; PMP<\/strong><\/p>\n<p>&nbsp;<\/p>\n","protected":false},"excerpt":{"rendered":"<p>Estoque de seringas garantido, salas para vacina\u00e7\u00e3o registradas no Minist\u00e9rio da Sa\u00fade e rede de refrigera\u00e7\u00e3o compat\u00edvel para armazenar doses de vacina. Os requisitos b\u00e1sicos para desenvolver campanhas de vacina\u00e7\u00e3o existem em Penedo e garantem a elabora\u00e7\u00e3o do plano que imunizar\u00e1 a popula\u00e7\u00e3o contra a Covid-19. A operacionaliza\u00e7\u00e3o da medida de maior efic\u00e1cia contra a &hellip;<\/p>\n","protected":false},"author":1,"featured_media":11951,"comment_status":"closed","ping_status":"closed","sticky":false,"template":"","format":"standard","meta":{"_jetpack_newsletter_access":"","_jetpack_dont_email_post_to_subs":false,"_jetpack_newsletter_tier_id":0,"_jetpack_memberships_contains_paywalled_content":false,"_jetpack_memberships_contains_paid_content":false,"footnotes":""},"categories":[1],"tags":[],"class_list":["post-11950","post","type-post","status-publish","format-standard","has-post-thumbnail","hentry","category-destaque"],"jetpack_sharing_enabled":true,"jetpack_featured_media_url":"","_links":{"self":[{"href":"https:\/\/www.oparanews.com.br\/index.php\/wp-json\/wp\/v2\/posts\/11950","targetHints":{"allow":["GET"]}}],"collection":[{"href":"https:\/\/www.oparanews.com.br\/index.php\/wp-json\/wp\/v2\/posts"}],"about":[{"href":"https:\/\/www.oparanews.com.br\/index.php\/wp-json\/wp\/v2\/types\/post"}],"author":[{"embeddable":true,"href":"https:\/\/www.oparanews.com.br\/index.php\/wp-json\/wp\/v2\/users\/1"}],"replies":[{"embeddable":true,"href":"https:\/\/www.oparanews.com.br\/index.php\/wp-json\/wp\/v2\/comments?post=11950"}],"version-history":[{"count":0,"href":"https:\/\/www.oparanews.com.br\/index.php\/wp-json\/wp\/v2\/posts\/11950\/revisions"}],"wp:attachment":[{"href":"https:\/\/www.oparanews.com.br\/index.php\/wp-json\/wp\/v2\/media?parent=11950"}],"wp:term":[{"taxonomy":"category","embeddable":true,"href":"https:\/\/www.oparanews.com.br\/index.php\/wp-json\/wp\/v2\/categories?post=11950"},{"taxonomy":"post_tag","embeddable":true,"href":"https:\/\/www.oparanews.com.br\/index.php\/wp-json\/wp\/v2\/tags?post=11950"}],"curies":[{"name":"wp","href":"https:\/\/api.w.org\/{rel}","templated":true}]}}