{"id":11959,"date":"2021-01-09T13:16:04","date_gmt":"2021-01-09T13:16:04","guid":{"rendered":"https:\/\/oparanews.com.br\/?p=11959"},"modified":"2021-01-09T13:16:04","modified_gmt":"2021-01-09T13:16:04","slug":"governador-faz-apelo-para-que-populacao-leve-adiante-medidas-de-protecao-contra-covid-19","status":"publish","type":"post","link":"https:\/\/www.oparanews.com.br\/index.php\/2021\/01\/09\/governador-faz-apelo-para-que-populacao-leve-adiante-medidas-de-protecao-contra-covid-19\/","title":{"rendered":"Governador faz apelo para que popula\u00e7\u00e3o leve adiante medidas de prote\u00e7\u00e3o contra Covid-19"},"content":{"rendered":"<p>O governador Renan Filho fez, na sexta-feira (08), durante entrevista coletiva, um apelo para que a popula\u00e7\u00e3o leve adiante as medidas de prote\u00e7\u00e3o individual contra a Covid-19, mesmo com a proximidade do in\u00edcio do plano de imuniza\u00e7\u00e3o. Ele voltou a garantir que, se o Governo Federal n\u00e3o enviar as vacinas, o Estado vai adquirir os imunizantes para iniciar a vacina\u00e7\u00e3o em Alagoas.<\/p>\n<p>\u201cQuem se protegeu at\u00e9 agora, quem chegou at\u00e9 aqui, precisa levar adiante as medidas de prote\u00e7\u00e3o individual, de distanciamento (social); lavar as m\u00e3os e, principalmente, fazer o uso de m\u00e1scaras para proteger a si e ao pr\u00f3ximo. Adoecer agora, na fase final, e ter a doen\u00e7a de maneira grave, \u00e9 algo que o cidad\u00e3o pode, individualmente, tentar evitar\u201d, apelou Renan Filho, durante a solenidade de posse do secret\u00e1rio de Estado da Seguran\u00e7a P\u00fablica, Alfredo Gaspar de Mendon\u00e7a, que ocorreu no Sal\u00e3o Aqualtune, Pal\u00e1cio Rep\u00fablica dos Palmares.<\/p>\n<p><strong>Inspe\u00e7\u00e3o<\/strong><\/p>\n<p>Na segunda-feira (11), \u00e0s 10 horas, o governador e o secret\u00e1rio de Estado da Sa\u00fade, Alexandre Ayres, visitam o pr\u00e9dio do Programa Nacional de Imuniza\u00e7\u00e3o (PNI) em Alagoas, no bairro do Farol, onde far\u00e3o uma inspe\u00e7\u00e3o ao estoque de agulhas e seringas destinadas ao plano estadual de vacina\u00e7\u00e3o contra a Covid-19. Alagoas j\u00e1 conta com insumos suficientes para iniciar a imuniza\u00e7\u00e3o da popula\u00e7\u00e3o, como anunciou recentemente Renan Filho.<\/p>\n<p>\u201cSe o Minist\u00e9rio da Sa\u00fade for demorar (para fornecer os imunizantes) e o Laborat\u00f3rio Butant\u00e3 tiver a vacina para comercializar com os estados, houver essa permiss\u00e3o, n\u00f3s j\u00e1 nos colocamos \u00e0 disposi\u00e7\u00e3o para comprar. Fizemos provisionamento de recursos para isso, porque, nesse momento, nada \u00e9 mais importante do que vacinar a popula\u00e7\u00e3o\u201d, afirmou Renan Filho.<\/p>\n<p>&nbsp;<\/p>\n<p><strong>Fonte: Ag\u00eancia Alagoas<\/strong><\/p>\n<p>&nbsp;<\/p>\n","protected":false},"excerpt":{"rendered":"<p>O governador Renan Filho fez, na sexta-feira (08), durante entrevista coletiva, um apelo para que a popula\u00e7\u00e3o leve adiante as medidas de prote\u00e7\u00e3o individual contra a Covid-19, mesmo com a proximidade do in\u00edcio do plano de imuniza\u00e7\u00e3o. Ele voltou a garantir que, se o Governo Federal n\u00e3o enviar as vacinas, o Estado vai adquirir os &hellip;<\/p>\n","protected":false},"author":1,"featured_media":11960,"comment_status":"closed","ping_status":"closed","sticky":false,"template":"","format":"standard","meta":{"_jetpack_newsletter_access":"","_jetpack_dont_email_post_to_subs":false,"_jetpack_newsletter_tier_id":0,"_jetpack_memberships_contains_paywalled_content":false,"_jetpack_memberships_contains_paid_content":false,"footnotes":""},"categories":[1],"tags":[],"class_list":["post-11959","post","type-post","status-publish","format-standard","has-post-thumbnail","hentry","category-destaque"],"jetpack_sharing_enabled":true,"jetpack_featured_media_url":"","_links":{"self":[{"href":"https:\/\/www.oparanews.com.br\/index.php\/wp-json\/wp\/v2\/posts\/11959","targetHints":{"allow":["GET"]}}],"collection":[{"href":"https:\/\/www.oparanews.com.br\/index.php\/wp-json\/wp\/v2\/posts"}],"about":[{"href":"https:\/\/www.oparanews.com.br\/index.php\/wp-json\/wp\/v2\/types\/post"}],"author":[{"embeddable":true,"href":"https:\/\/www.oparanews.com.br\/index.php\/wp-json\/wp\/v2\/users\/1"}],"replies":[{"embeddable":true,"href":"https:\/\/www.oparanews.com.br\/index.php\/wp-json\/wp\/v2\/comments?post=11959"}],"version-history":[{"count":0,"href":"https:\/\/www.oparanews.com.br\/index.php\/wp-json\/wp\/v2\/posts\/11959\/revisions"}],"wp:attachment":[{"href":"https:\/\/www.oparanews.com.br\/index.php\/wp-json\/wp\/v2\/media?parent=11959"}],"wp:term":[{"taxonomy":"category","embeddable":true,"href":"https:\/\/www.oparanews.com.br\/index.php\/wp-json\/wp\/v2\/categories?post=11959"},{"taxonomy":"post_tag","embeddable":true,"href":"https:\/\/www.oparanews.com.br\/index.php\/wp-json\/wp\/v2\/tags?post=11959"}],"curies":[{"name":"wp","href":"https:\/\/api.w.org\/{rel}","templated":true}]}}