{"id":11965,"date":"2021-01-09T20:01:50","date_gmt":"2021-01-09T20:01:50","guid":{"rendered":"https:\/\/oparanews.com.br\/?p=11965"},"modified":"2021-01-09T20:01:50","modified_gmt":"2021-01-09T20:01:50","slug":"semclej-penedo-realiza-exposicao-barcos-a-vela-durante-bom-jesus-dos-navegantes","status":"publish","type":"post","link":"https:\/\/www.oparanews.com.br\/index.php\/2021\/01\/09\/semclej-penedo-realiza-exposicao-barcos-a-vela-durante-bom-jesus-dos-navegantes\/","title":{"rendered":"SEMCLEJ Penedo realiza exposi\u00e7\u00e3o Barcos \u00e0 Vela durante Bom Jesus dos Navegantes"},"content":{"rendered":"<p>Pelo terceiro ano consecutivo, a Secretaria Municipal de Cultura, Lazer, Esporte e Juventude (SEMCLEJ) de Penedo realiza a exposi\u00e7\u00e3o Barcos \u00e0 Vela.\u00a0 No porto da cidade, canoas de pescadores t\u00eam seus \u2018panos\u2019, como eles chamam, pintados por artistas locais.<\/p>\n<p>As velas foram transformadas em telas pelas m\u00e3os de D\u00e1rio Feitosa e Karina Michele e tiveram como tema principal o Santo Protetor dos ribeirinhos, Bom Jesus dos Navegantes.<\/p>\n<p>Ao todo, doze barcos exibem velas que tamb\u00e9m retratam temas peculiares a Penedo, como cultura, patrim\u00f4nio hist\u00f3rico, Bom Jesus dos Navegantes e manifesta\u00e7\u00f5es folcl\u00f3ricas.<\/p>\n<p>Em mais um ano participando da exposi\u00e7\u00e3o, o pescador Jo\u00e3o Bosco dos Santos, se mostrou feliz em estar presente mais uma vez.<\/p>\n<p>\u201cMuito bom estar aqui, os barcos s\u00e3o os que utilizamos no dia-a-dia da pescaria, por\u00e9m foram colocadas as velas para a exposi\u00e7\u00e3o\u201d, explicou o ribeirinho durante a abertura do evento, nesta sexta-feira, 08, e que permanece at\u00e9 domingo (10).<\/p>\n<p>P\u00edfano e capoeira<\/p>\n<p>Al\u00e9m da exposi\u00e7\u00e3o Barcos \u00e0 Vela, a SEMCLEJ Penedo incluiu rodas de capoeira e apresenta\u00e7\u00e3o de bandas de p\u00edfanos na orla da cidade, mantendo tradi\u00e7\u00f5es dos festejos cujo formato em 2021 foi modificado por conta da pandemia do novo Coronav\u00edrus.<\/p>\n<p>O tr\u00edduo de louvor est\u00e1 ocorrendo em espa\u00e7o aberto, a Pra\u00e7a da F\u00e9, na comunidade da Santa Cruz, local onde a celebra\u00e7\u00e3o ocorre h\u00e1 137 anos. Outro aspecto \u00e9 a aus\u00eancia de programa\u00e7\u00e3o festiva, com atra\u00e7\u00f5es musicais de proje\u00e7\u00e3o nacional.<\/p>\n<p>Tamb\u00e9m n\u00e3o haver\u00e1 prociss\u00e3o terrestre, substitu\u00edda por carreata com a imagem do Bom Jesus, antes e depois da prociss\u00e3o no Rio S\u00e3o Francisco, ponto alto da maior celebra\u00e7\u00e3o religiosa de Alagoas que acontece na tarde deste domingo, 10.<\/p>\n<p>Toda programa\u00e7\u00e3o est\u00e1 sendo transmitida pelas redes sociais da Prefeitura Municipal de Penedo e da Diocese de Penedo, mais uma medida de preven\u00e7\u00e3o contra a dissemina\u00e7\u00e3o do v\u00edrus causador da Covid-19.<\/p>\n<p>&nbsp;<\/p>\n<p>&nbsp;<\/p>\n<p><strong>por Thiago Sobral \u2013 Decom PMP<\/strong><\/p>\n<p>&nbsp;<\/p>\n","protected":false},"excerpt":{"rendered":"<p>Pelo terceiro ano consecutivo, a Secretaria Municipal de Cultura, Lazer, Esporte e Juventude (SEMCLEJ) de Penedo realiza a exposi\u00e7\u00e3o Barcos \u00e0 Vela.\u00a0 No porto da cidade, canoas de pescadores t\u00eam seus \u2018panos\u2019, como eles chamam, pintados por artistas locais. As velas foram transformadas em telas pelas m\u00e3os de D\u00e1rio Feitosa e Karina Michele e tiveram &hellip;<\/p>\n","protected":false},"author":1,"featured_media":11966,"comment_status":"closed","ping_status":"closed","sticky":false,"template":"","format":"standard","meta":{"_jetpack_newsletter_access":"","_jetpack_dont_email_post_to_subs":false,"_jetpack_newsletter_tier_id":0,"_jetpack_memberships_contains_paywalled_content":false,"_jetpack_memberships_contains_paid_content":false,"footnotes":""},"categories":[1],"tags":[],"class_list":["post-11965","post","type-post","status-publish","format-standard","has-post-thumbnail","hentry","category-destaque"],"jetpack_sharing_enabled":true,"jetpack_featured_media_url":"","_links":{"self":[{"href":"https:\/\/www.oparanews.com.br\/index.php\/wp-json\/wp\/v2\/posts\/11965","targetHints":{"allow":["GET"]}}],"collection":[{"href":"https:\/\/www.oparanews.com.br\/index.php\/wp-json\/wp\/v2\/posts"}],"about":[{"href":"https:\/\/www.oparanews.com.br\/index.php\/wp-json\/wp\/v2\/types\/post"}],"author":[{"embeddable":true,"href":"https:\/\/www.oparanews.com.br\/index.php\/wp-json\/wp\/v2\/users\/1"}],"replies":[{"embeddable":true,"href":"https:\/\/www.oparanews.com.br\/index.php\/wp-json\/wp\/v2\/comments?post=11965"}],"version-history":[{"count":0,"href":"https:\/\/www.oparanews.com.br\/index.php\/wp-json\/wp\/v2\/posts\/11965\/revisions"}],"wp:attachment":[{"href":"https:\/\/www.oparanews.com.br\/index.php\/wp-json\/wp\/v2\/media?parent=11965"}],"wp:term":[{"taxonomy":"category","embeddable":true,"href":"https:\/\/www.oparanews.com.br\/index.php\/wp-json\/wp\/v2\/categories?post=11965"},{"taxonomy":"post_tag","embeddable":true,"href":"https:\/\/www.oparanews.com.br\/index.php\/wp-json\/wp\/v2\/tags?post=11965"}],"curies":[{"name":"wp","href":"https:\/\/api.w.org\/{rel}","templated":true}]}}