{"id":11968,"date":"2021-01-10T13:15:48","date_gmt":"2021-01-10T13:15:48","guid":{"rendered":"https:\/\/oparanews.com.br\/?p=11968"},"modified":"2021-01-10T13:15:48","modified_gmt":"2021-01-10T13:15:48","slug":"alagoas-registra-481-novos-casos-de-covid-19-e-mais-oito-mortes","status":"publish","type":"post","link":"https:\/\/www.oparanews.com.br\/index.php\/2021\/01\/10\/alagoas-registra-481-novos-casos-de-covid-19-e-mais-oito-mortes\/","title":{"rendered":"Alagoas registra 481 novos casos de Covid-19 e mais oito mortes"},"content":{"rendered":"<p>Alagoas confirmou 481 novos casos de Covid-19 e oito mortes nas \u00faltimas 24 horas, segundo o boletim epidemiol\u00f3gico da Secretaria de Estado da Sa\u00fade (Sesau), divulgado neste s\u00e1bado (9).<\/p>\n<p>Alagoas contabiliza ao todo 108.109 casos confirmados e 2.553 \u00f3bitos por Covid-19.<\/p>\n<p>Em todo o estado h\u00e1 2.345 que est\u00e3o em isolamento domiciliar. Outros 102.819 pacientes j\u00e1 finalizaram o per\u00edodo de isolamento, n\u00e3o apresentam mais sintomas e, portanto, est\u00e3o recuperados da doen\u00e7a. A Sesau divulgou ainda que 8.583 casos est\u00e3o em investiga\u00e7\u00e3o laboratorial.<\/p>\n<p>O boletim mais recente de leitos mostrou que a taxa de ocupa\u00e7\u00e3o de leitos de Covid-19 estava em 44% at\u00e9 as 17h desta sexta-feira (8). J\u00e1 a ocupa\u00e7\u00e3o dos leitos de UTI estava em 52%.<\/p>\n<p><strong>Mais oito mortes por Covid-19<\/strong><\/p>\n<p>Macei\u00f3: Homem, 69 anos \u2013 diab\u00e9tico e doen\u00e7a cardiovascular<br \/>\nMacei\u00f3: Homem, 79 anos \u2013 diab\u00e9tico<br \/>\nMacei\u00f3: Homem, 86 anos \u2013 hipertenso<br \/>\nMacei\u00f3: Mulher, 65 anos \u2013 transtorno psiqui\u00e1trico<br \/>\nPalmeira dos \u00cdndios: Mulher, 88 anos \u2013 hipertensa<br \/>\nUni\u00e3o dos Palmares: Mulher, 91 anos \u2013 doen\u00e7a cardiovascular<br \/>\nBatalha: Homem, 40 anos \u2013 diab\u00e9tico, imunossuprimido<br \/>\nJaparatinga: Homem, 87 anos \u2013 diab\u00e9tico e hipertenso<\/p>\n<p>&nbsp;<\/p>\n<p><strong>Fonte: G1\/AL<\/strong><\/p>\n<p>&nbsp;<\/p>\n","protected":false},"excerpt":{"rendered":"<p>Alagoas confirmou 481 novos casos de Covid-19 e oito mortes nas \u00faltimas 24 horas, segundo o boletim epidemiol\u00f3gico da Secretaria de Estado da Sa\u00fade (Sesau), divulgado neste s\u00e1bado (9). Alagoas contabiliza ao todo 108.109 casos confirmados e 2.553 \u00f3bitos por Covid-19. Em todo o estado h\u00e1 2.345 que est\u00e3o em isolamento domiciliar. Outros 102.819 pacientes &hellip;<\/p>\n","protected":false},"author":1,"featured_media":4593,"comment_status":"closed","ping_status":"closed","sticky":false,"template":"","format":"standard","meta":{"_jetpack_newsletter_access":"","_jetpack_dont_email_post_to_subs":false,"_jetpack_newsletter_tier_id":0,"_jetpack_memberships_contains_paywalled_content":false,"_jetpack_memberships_contains_paid_content":false,"footnotes":""},"categories":[1],"tags":[],"class_list":["post-11968","post","type-post","status-publish","format-standard","has-post-thumbnail","hentry","category-destaque"],"jetpack_sharing_enabled":true,"jetpack_featured_media_url":"","_links":{"self":[{"href":"https:\/\/www.oparanews.com.br\/index.php\/wp-json\/wp\/v2\/posts\/11968","targetHints":{"allow":["GET"]}}],"collection":[{"href":"https:\/\/www.oparanews.com.br\/index.php\/wp-json\/wp\/v2\/posts"}],"about":[{"href":"https:\/\/www.oparanews.com.br\/index.php\/wp-json\/wp\/v2\/types\/post"}],"author":[{"embeddable":true,"href":"https:\/\/www.oparanews.com.br\/index.php\/wp-json\/wp\/v2\/users\/1"}],"replies":[{"embeddable":true,"href":"https:\/\/www.oparanews.com.br\/index.php\/wp-json\/wp\/v2\/comments?post=11968"}],"version-history":[{"count":0,"href":"https:\/\/www.oparanews.com.br\/index.php\/wp-json\/wp\/v2\/posts\/11968\/revisions"}],"wp:attachment":[{"href":"https:\/\/www.oparanews.com.br\/index.php\/wp-json\/wp\/v2\/media?parent=11968"}],"wp:term":[{"taxonomy":"category","embeddable":true,"href":"https:\/\/www.oparanews.com.br\/index.php\/wp-json\/wp\/v2\/categories?post=11968"},{"taxonomy":"post_tag","embeddable":true,"href":"https:\/\/www.oparanews.com.br\/index.php\/wp-json\/wp\/v2\/tags?post=11968"}],"curies":[{"name":"wp","href":"https:\/\/api.w.org\/{rel}","templated":true}]}}