{"id":11973,"date":"2021-01-10T13:27:35","date_gmt":"2021-01-10T13:27:35","guid":{"rendered":"https:\/\/oparanews.com.br\/?p=11973"},"modified":"2021-01-10T13:27:35","modified_gmt":"2021-01-10T13:27:35","slug":"italia-vacina-mais-de-meio-milhao-de-pessoas-contra-covid-19","status":"publish","type":"post","link":"https:\/\/www.oparanews.com.br\/index.php\/2021\/01\/10\/italia-vacina-mais-de-meio-milhao-de-pessoas-contra-covid-19\/","title":{"rendered":"It\u00e1lia vacina mais de meio milh\u00e3o de pessoas contra Covid-19"},"content":{"rendered":"<p>A It\u00e1lia ultrapassou a marca de 500 mil vacinados contra o coronav\u00edrus Sars-CoV-2, informou a Ag\u00eancia Italiana de Medicamentos (Aifa). At\u00e9 \u00e0s 14h deste s\u00e1bado (09), o pa\u00eds imunizou 504.587 pessoas, o que representa 54,9% das doses recebidas pelos italianos at\u00e9 o momento (908.700).<\/p>\n<p>Desde o dia 27 de dezembro, foram vacinados com a BNT 162b, imunizante criado pela Pfizer e pelo laborat\u00f3rio alem\u00e3o BioNTech, 416.292 trabalhadores da \u00e1rea da sa\u00fade, 57.016 pessoas que n\u00e3o atuam na \u00e1rea da sa\u00fade e 31.279 moradores de asilos e centros de atendimento m\u00e9dico a idosos.<\/p>\n<p>Nessa primeira fase de vacina\u00e7\u00e3o, a It\u00e1lia definiu que apenas operadores sanit\u00e1rios e idosos recebessem as doses. Entre os vacinados, 312.172 s\u00e3o mulheres e 192.415 s\u00e3o homens.<\/p>\n<p>Por idades, os que mais receberam a imuniza\u00e7\u00e3o s\u00e3o aqueles entre 50-59 anos (143.873), seguidos pela faixa et\u00e1ria de 40-49 anos (110.336) e por quem t\u00eam entre 30-39 anos (110.336). Entre os idosos, foram vacinados 78.983 daqueles que t\u00eam entre 60-69 anos, 10.148 na faixa dos 70-79 anos, 12.957 dos que t\u00eam entre 80-89 anos e 10.011 com acima de 90 anos.<\/p>\n<p>Por regi\u00e3o, a Camp\u00e2nia \u00e9 a que aplicou mais doses na propor\u00e7\u00e3o do que recebeu. Segundo a Aifa, 75,2% das 67.020 doses recebidas foram aplicadas. Na sequ\u00eancia, aparecem o V\u00eaneto (71,8% de 77.900 doses), a Toscana (71,8% das 77.900) e a Sic\u00edlia (65,5% das 78.685). A Lombardia, regi\u00e3o mais afetada nos n\u00fameros totais de mortes e casos, aplicou 30,1% das 153.720 doses recebidas.<\/p>\n<p>A partir da pr\u00f3xima semana, a aplica\u00e7\u00e3o das vacinas deve ser acelerada, j\u00e1 que o pa\u00eds come\u00e7ar\u00e1 a receber as doses do mRNA-1273, imunizante desenvolvido pelo laborat\u00f3rio Moderna e aprovado nesta semana pela Uni\u00e3o Europeia e pela Aifa.<\/p>\n<p>&nbsp;<\/p>\n<p><strong>Fonte: Terra<\/strong><\/p>\n<p>&nbsp;<\/p>\n","protected":false},"excerpt":{"rendered":"<p>A It\u00e1lia ultrapassou a marca de 500 mil vacinados contra o coronav\u00edrus Sars-CoV-2, informou a Ag\u00eancia Italiana de Medicamentos (Aifa). At\u00e9 \u00e0s 14h deste s\u00e1bado (09), o pa\u00eds imunizou 504.587 pessoas, o que representa 54,9% das doses recebidas pelos italianos at\u00e9 o momento (908.700). Desde o dia 27 de dezembro, foram vacinados com a BNT &hellip;<\/p>\n","protected":false},"author":1,"featured_media":11974,"comment_status":"closed","ping_status":"closed","sticky":false,"template":"","format":"standard","meta":{"_jetpack_newsletter_access":"","_jetpack_dont_email_post_to_subs":false,"_jetpack_newsletter_tier_id":0,"_jetpack_memberships_contains_paywalled_content":false,"_jetpack_memberships_contains_paid_content":false,"footnotes":""},"categories":[1],"tags":[],"class_list":["post-11973","post","type-post","status-publish","format-standard","has-post-thumbnail","hentry","category-destaque"],"jetpack_sharing_enabled":true,"jetpack_featured_media_url":"","_links":{"self":[{"href":"https:\/\/www.oparanews.com.br\/index.php\/wp-json\/wp\/v2\/posts\/11973","targetHints":{"allow":["GET"]}}],"collection":[{"href":"https:\/\/www.oparanews.com.br\/index.php\/wp-json\/wp\/v2\/posts"}],"about":[{"href":"https:\/\/www.oparanews.com.br\/index.php\/wp-json\/wp\/v2\/types\/post"}],"author":[{"embeddable":true,"href":"https:\/\/www.oparanews.com.br\/index.php\/wp-json\/wp\/v2\/users\/1"}],"replies":[{"embeddable":true,"href":"https:\/\/www.oparanews.com.br\/index.php\/wp-json\/wp\/v2\/comments?post=11973"}],"version-history":[{"count":0,"href":"https:\/\/www.oparanews.com.br\/index.php\/wp-json\/wp\/v2\/posts\/11973\/revisions"}],"wp:attachment":[{"href":"https:\/\/www.oparanews.com.br\/index.php\/wp-json\/wp\/v2\/media?parent=11973"}],"wp:term":[{"taxonomy":"category","embeddable":true,"href":"https:\/\/www.oparanews.com.br\/index.php\/wp-json\/wp\/v2\/categories?post=11973"},{"taxonomy":"post_tag","embeddable":true,"href":"https:\/\/www.oparanews.com.br\/index.php\/wp-json\/wp\/v2\/tags?post=11973"}],"curies":[{"name":"wp","href":"https:\/\/api.w.org\/{rel}","templated":true}]}}