{"id":11985,"date":"2021-01-11T12:16:10","date_gmt":"2021-01-11T12:16:10","guid":{"rendered":"https:\/\/oparanews.com.br\/?p=11985"},"modified":"2021-01-11T12:16:10","modified_gmt":"2021-01-11T12:16:10","slug":"presidente-do-csa-rafael-tenorio-testa-positivo-para-covid-19","status":"publish","type":"post","link":"https:\/\/www.oparanews.com.br\/index.php\/2021\/01\/11\/presidente-do-csa-rafael-tenorio-testa-positivo-para-covid-19\/","title":{"rendered":"Presidente do CSA testa positivo para Covid-19"},"content":{"rendered":"<p>Presidente do CSA, Rafael Ten\u00f3rio informou na noite deste domingo por suas redes sociais que testou positivo para Covid-19 e est\u00e1 em S\u00e3o Paulo.<\/p>\n<p>Segundo o dirigente, o seu quadro \u00e9 est\u00e1vel e ele est\u00e1 se recuperando no Hospital S\u00edrio Liban\u00eas. A esposa de Rafael, Geraldina Ten\u00f3rio, tamb\u00e9m viajou \u00e0 capital paulista para acompanh\u00e1-lo.<\/p>\n<p>&#8211; Venho informar a todos que testei positivo para o Covid-19. Meu estado \u00e9 est\u00e1vel e estou fazendo todo tratamento no hospital S\u00edrio Liban\u00eas, em S\u00e3o Paulo. Estou acompanhado da minha esposa e sendo monitorado por toda equipe m\u00e9dica. Desde j\u00e1 agrade\u00e7o a todas mensagens de carinho e ora\u00e7\u00f5es &#8211; postou Ten\u00f3rio.<\/p>\n<p>Ten\u00f3rio, de 66 anos, foi eleito presidente do CSA no segundo semestre de 2015 e comanda o clube desde ent\u00e3o. Nesse per\u00edodo, o time saiu da S\u00e9rie D, chegou \u00e0 S\u00e9rie A e hoje luta pelo acesso na S\u00e9rie B do Brasileiro.<\/p>\n<p><strong>Covid no CSA<\/strong><\/p>\n<p>O CSA passou por um surto de Covid em agosto. No in\u00edcio da S\u00e9rie B, 21 jogadores, funcion\u00e1rios e integrantes da comiss\u00e3o t\u00e9cnica testaram positivo.<\/p>\n<p>No m\u00eas passado, o zagueiro Cl\u00e9berson, o goleiro Matheus Mendes e o atacante Pedro J\u00fanior tamb\u00e9m foram infectados, mas j\u00e1 est\u00e3o recuperados.<\/p>\n<p>&nbsp;<\/p>\n<p><strong>Fonte: GE<\/strong><\/p>\n<p>&nbsp;<\/p>\n","protected":false},"excerpt":{"rendered":"<p>Presidente do CSA, Rafael Ten\u00f3rio informou na noite deste domingo por suas redes sociais que testou positivo para Covid-19 e est\u00e1 em S\u00e3o Paulo. Segundo o dirigente, o seu quadro \u00e9 est\u00e1vel e ele est\u00e1 se recuperando no Hospital S\u00edrio Liban\u00eas. A esposa de Rafael, Geraldina Ten\u00f3rio, tamb\u00e9m viajou \u00e0 capital paulista para acompanh\u00e1-lo. &#8211; &hellip;<\/p>\n","protected":false},"author":1,"featured_media":11986,"comment_status":"closed","ping_status":"closed","sticky":false,"template":"","format":"standard","meta":{"_jetpack_newsletter_access":"","_jetpack_dont_email_post_to_subs":false,"_jetpack_newsletter_tier_id":0,"_jetpack_memberships_contains_paywalled_content":false,"_jetpack_memberships_contains_paid_content":false,"footnotes":""},"categories":[1],"tags":[],"class_list":["post-11985","post","type-post","status-publish","format-standard","has-post-thumbnail","hentry","category-destaque"],"jetpack_sharing_enabled":true,"jetpack_featured_media_url":"","_links":{"self":[{"href":"https:\/\/www.oparanews.com.br\/index.php\/wp-json\/wp\/v2\/posts\/11985","targetHints":{"allow":["GET"]}}],"collection":[{"href":"https:\/\/www.oparanews.com.br\/index.php\/wp-json\/wp\/v2\/posts"}],"about":[{"href":"https:\/\/www.oparanews.com.br\/index.php\/wp-json\/wp\/v2\/types\/post"}],"author":[{"embeddable":true,"href":"https:\/\/www.oparanews.com.br\/index.php\/wp-json\/wp\/v2\/users\/1"}],"replies":[{"embeddable":true,"href":"https:\/\/www.oparanews.com.br\/index.php\/wp-json\/wp\/v2\/comments?post=11985"}],"version-history":[{"count":0,"href":"https:\/\/www.oparanews.com.br\/index.php\/wp-json\/wp\/v2\/posts\/11985\/revisions"}],"wp:attachment":[{"href":"https:\/\/www.oparanews.com.br\/index.php\/wp-json\/wp\/v2\/media?parent=11985"}],"wp:term":[{"taxonomy":"category","embeddable":true,"href":"https:\/\/www.oparanews.com.br\/index.php\/wp-json\/wp\/v2\/categories?post=11985"},{"taxonomy":"post_tag","embeddable":true,"href":"https:\/\/www.oparanews.com.br\/index.php\/wp-json\/wp\/v2\/tags?post=11985"}],"curies":[{"name":"wp","href":"https:\/\/api.w.org\/{rel}","templated":true}]}}