{"id":11988,"date":"2021-01-11T13:42:14","date_gmt":"2021-01-11T13:42:14","guid":{"rendered":"https:\/\/oparanews.com.br\/?p=11988"},"modified":"2021-01-11T13:42:14","modified_gmt":"2021-01-11T13:42:14","slug":"vasco-vence-classico-e-afunda-o-botafogo","status":"publish","type":"post","link":"https:\/\/www.oparanews.com.br\/index.php\/2021\/01\/11\/vasco-vence-classico-e-afunda-o-botafogo\/","title":{"rendered":"Vasco vence cl\u00e1ssico e afunda o Botafogo"},"content":{"rendered":"<p>Em confronto direto na briga contra o rebaixamento, o Vasco respirou e afundou o Botafogo. Neste domingo, em S\u00e3o Janu\u00e1rio, derrotou o rival por 3 a 0, no cl\u00e1ssico v\u00e1lido pela 28.\u00aa rodada do Campeonato Brasileiro. Talles Magno e Andrey, ambos formados na base do clube, marcaram, com Yago Pikachu fechando o placar, de p\u00eanalti, no fim.<\/p>\n<p>O triunfo deixa o Vasco na 15.\u00aa posi\u00e7\u00e3o, com 32 pontos e tr\u00eas de vantagem para a zona da degola. Ganhou, assim, a primeira no retorno do t\u00e9cnico Vanderlei Luxemburgo, que havia estreado com empate por 0 a 0 com o Atl\u00e9tico-GO, na quinta-feira. Para isso, foi soberano no primeiro tempo, liderado pela boa atua\u00e7\u00e3o de Talles Magno, que abriu o placar, e depois marcou duas vezes no fim da segunda etapa, assegurando a vit\u00f3ria.<\/p>\n<p>J\u00e1 a situa\u00e7\u00e3o do Botafogo ficou ainda mais dram\u00e1tica, na pen\u00faltima posi\u00e7\u00e3o, com 23 pontos e a 9 de dist\u00e2ncia da primeira equipe que est\u00e1 permanecendo na S\u00e9rie A e com apenas mais 9 jogos a disputar. Assim, se aproxima do seu terceiro rebaixamento, ainda mais que ganhou apenas 1 dos \u00faltimos 14 duelos que disputou no Brasileir\u00e3o. No \u00faltimo dos compromissos dessa s\u00e9rie ruim, at\u00e9 esbo\u00e7ou uma rea\u00e7\u00e3o no come\u00e7o do segundo tempo, ap\u00f3s substitui\u00e7\u00f5es promovidas por Eduardo Barroca, mas voltou a ser batido &#8211; e com alguma facilidade pelo advers\u00e1rio.<\/p>\n<p>Foi o 50.\u00ba cl\u00e1ssico em S\u00e3o Janu\u00e1rio entre os rivais, agora com 21 vit\u00f3rias do Vasco, 16 empates e 13 derrotas. Novamente no seu est\u00e1dio, o Vasco voltar\u00e1 a jogar no pr\u00f3ximo s\u00e1bado, diante do Coritiba. J\u00e1 o Botafogo vai tentar se reabilitar no dia seguinte, na Vila Belmiro, diante do Santos.<\/p>\n<p>&nbsp;<\/p>\n<p><strong>Fonte: Terra<\/strong><\/p>\n<p>&nbsp;<\/p>\n","protected":false},"excerpt":{"rendered":"<p>Em confronto direto na briga contra o rebaixamento, o Vasco respirou e afundou o Botafogo. Neste domingo, em S\u00e3o Janu\u00e1rio, derrotou o rival por 3 a 0, no cl\u00e1ssico v\u00e1lido pela 28.\u00aa rodada do Campeonato Brasileiro. Talles Magno e Andrey, ambos formados na base do clube, marcaram, com Yago Pikachu fechando o placar, de p\u00eanalti, &hellip;<\/p>\n","protected":false},"author":1,"featured_media":11989,"comment_status":"closed","ping_status":"closed","sticky":false,"template":"","format":"standard","meta":{"_jetpack_newsletter_access":"","_jetpack_dont_email_post_to_subs":false,"_jetpack_newsletter_tier_id":0,"_jetpack_memberships_contains_paywalled_content":false,"_jetpack_memberships_contains_paid_content":false,"footnotes":""},"categories":[1],"tags":[],"class_list":["post-11988","post","type-post","status-publish","format-standard","has-post-thumbnail","hentry","category-destaque"],"jetpack_sharing_enabled":true,"jetpack_featured_media_url":"","_links":{"self":[{"href":"https:\/\/www.oparanews.com.br\/index.php\/wp-json\/wp\/v2\/posts\/11988","targetHints":{"allow":["GET"]}}],"collection":[{"href":"https:\/\/www.oparanews.com.br\/index.php\/wp-json\/wp\/v2\/posts"}],"about":[{"href":"https:\/\/www.oparanews.com.br\/index.php\/wp-json\/wp\/v2\/types\/post"}],"author":[{"embeddable":true,"href":"https:\/\/www.oparanews.com.br\/index.php\/wp-json\/wp\/v2\/users\/1"}],"replies":[{"embeddable":true,"href":"https:\/\/www.oparanews.com.br\/index.php\/wp-json\/wp\/v2\/comments?post=11988"}],"version-history":[{"count":0,"href":"https:\/\/www.oparanews.com.br\/index.php\/wp-json\/wp\/v2\/posts\/11988\/revisions"}],"wp:attachment":[{"href":"https:\/\/www.oparanews.com.br\/index.php\/wp-json\/wp\/v2\/media?parent=11988"}],"wp:term":[{"taxonomy":"category","embeddable":true,"href":"https:\/\/www.oparanews.com.br\/index.php\/wp-json\/wp\/v2\/categories?post=11988"},{"taxonomy":"post_tag","embeddable":true,"href":"https:\/\/www.oparanews.com.br\/index.php\/wp-json\/wp\/v2\/tags?post=11988"}],"curies":[{"name":"wp","href":"https:\/\/api.w.org\/{rel}","templated":true}]}}