{"id":11991,"date":"2021-01-11T14:08:15","date_gmt":"2021-01-11T14:08:15","guid":{"rendered":"https:\/\/oparanews.com.br\/?p=11991"},"modified":"2021-01-11T14:08:15","modified_gmt":"2021-01-11T14:08:15","slug":"butantan-anuncia-na-3a-eficacia-geral-da-coronavac","status":"publish","type":"post","link":"https:\/\/www.oparanews.com.br\/index.php\/2021\/01\/11\/butantan-anuncia-na-3a-eficacia-geral-da-coronavac\/","title":{"rendered":"Butantan anuncia na 3\u00aa efic\u00e1cia geral da CoronaVac"},"content":{"rendered":"<p>O Instituto Butantan anunciar\u00e1 em entrevista coletiva na ter\u00e7a-feira o dado de efic\u00e1cia geral da CoronaVac, potencial vacina contra a Covid-19 desenvolvida pelo laborat\u00f3rio chin\u00eas Sinovac e testada no Brasil pelo instituto paulista, disse em entrevista \u00e0 GloboNews o secret\u00e1rio de Sa\u00fade de S\u00e3o Paulo, Jean Gorinchteyn.<\/p>\n<p>Na quinta-feira, o governador de S\u00e3o Paulo, Jo\u00e3o Doria, ao lado do presidente do Butantan, Dimas Covas, anunciou em entrevista coletiva que a vacina tinha efic\u00e1cia de 78% a 100% contra o coronav\u00edrus e que a potencial vacina foi 100% eficaz na preven\u00e7\u00e3o de casos graves e moderados de Covid-19.<\/p>\n<p>Na entrevista, Dimas Covas se recusou a divulgar os dados detalhados do estudo cl\u00ednico em Fase 3 feitos no Brasil com a CoronaVac.<\/p>\n<p>Na entrevista \u00e0 GloboNews, Gorinchteyn disse que os dados anunciados na quinta s\u00e3o &#8220;secund\u00e1rios&#8221; e tamb\u00e9m n\u00e3o divulgou qual a efic\u00e1cia geral do potencial imunizante. Ele disse que Covas dar\u00e1 uma nova entrevista coletiva na ter\u00e7a-feira para divulgar dados detalhados.<\/p>\n<p>Na sexta, o Butantan ingressou na Ag\u00eancia Nacional de Vigil\u00e2ncia Sanit\u00e1ria (Anvisa) com um pedido de uso emergencial da CoronaVac no pa\u00eds.<\/p>\n<p>&nbsp;<\/p>\n<p><strong>Fonte: Terra<\/strong><\/p>\n<p>&nbsp;<\/p>\n","protected":false},"excerpt":{"rendered":"<p>O Instituto Butantan anunciar\u00e1 em entrevista coletiva na ter\u00e7a-feira o dado de efic\u00e1cia geral da CoronaVac, potencial vacina contra a Covid-19 desenvolvida pelo laborat\u00f3rio chin\u00eas Sinovac e testada no Brasil pelo instituto paulista, disse em entrevista \u00e0 GloboNews o secret\u00e1rio de Sa\u00fade de S\u00e3o Paulo, Jean Gorinchteyn. Na quinta-feira, o governador de S\u00e3o Paulo, Jo\u00e3o &hellip;<\/p>\n","protected":false},"author":1,"featured_media":11992,"comment_status":"closed","ping_status":"closed","sticky":false,"template":"","format":"standard","meta":{"_jetpack_newsletter_access":"","_jetpack_dont_email_post_to_subs":false,"_jetpack_newsletter_tier_id":0,"_jetpack_memberships_contains_paywalled_content":false,"_jetpack_memberships_contains_paid_content":false,"footnotes":""},"categories":[1],"tags":[],"class_list":["post-11991","post","type-post","status-publish","format-standard","has-post-thumbnail","hentry","category-destaque"],"jetpack_sharing_enabled":true,"jetpack_featured_media_url":"","_links":{"self":[{"href":"https:\/\/www.oparanews.com.br\/index.php\/wp-json\/wp\/v2\/posts\/11991","targetHints":{"allow":["GET"]}}],"collection":[{"href":"https:\/\/www.oparanews.com.br\/index.php\/wp-json\/wp\/v2\/posts"}],"about":[{"href":"https:\/\/www.oparanews.com.br\/index.php\/wp-json\/wp\/v2\/types\/post"}],"author":[{"embeddable":true,"href":"https:\/\/www.oparanews.com.br\/index.php\/wp-json\/wp\/v2\/users\/1"}],"replies":[{"embeddable":true,"href":"https:\/\/www.oparanews.com.br\/index.php\/wp-json\/wp\/v2\/comments?post=11991"}],"version-history":[{"count":0,"href":"https:\/\/www.oparanews.com.br\/index.php\/wp-json\/wp\/v2\/posts\/11991\/revisions"}],"wp:attachment":[{"href":"https:\/\/www.oparanews.com.br\/index.php\/wp-json\/wp\/v2\/media?parent=11991"}],"wp:term":[{"taxonomy":"category","embeddable":true,"href":"https:\/\/www.oparanews.com.br\/index.php\/wp-json\/wp\/v2\/categories?post=11991"},{"taxonomy":"post_tag","embeddable":true,"href":"https:\/\/www.oparanews.com.br\/index.php\/wp-json\/wp\/v2\/tags?post=11991"}],"curies":[{"name":"wp","href":"https:\/\/api.w.org\/{rel}","templated":true}]}}