{"id":11998,"date":"2021-01-11T14:22:57","date_gmt":"2021-01-11T14:22:57","guid":{"rendered":"https:\/\/oparanews.com.br\/?p=11998"},"modified":"2021-01-11T14:22:57","modified_gmt":"2021-01-11T14:22:57","slug":"raphael-acioli-morre-apos-ter-doencas-agravadas-pela-covid-19","status":"publish","type":"post","link":"https:\/\/www.oparanews.com.br\/index.php\/2021\/01\/11\/raphael-acioli-morre-apos-ter-doencas-agravadas-pela-covid-19\/","title":{"rendered":"Raphael Acioli morre ap\u00f3s ter doen\u00e7as agravadas pela Covid-19"},"content":{"rendered":"<p>O jornalista e produtor Raphael Acioli, de 36 anos, morreu no Recife no domingo (10). O profissional, que foi assessor de artistas como Wesley Safad\u00e3o e Joelma, estava internado h\u00e1 46 dias no Hospital Memorial S\u00e3o Jos\u00e9 e, de acordo com a fam\u00edlia, o falecimento ocorreu por insufici\u00eancia renal e hep\u00e1tica, agravadas pela Covid-19.<\/p>\n<p>O jornalista tamb\u00e9m trabalhou com artistas como Gabriel Diniz e Priscila Senna. O corpo dele vai ser cremado nesta segunda (11), \u00e0s 14h, no Cemit\u00e9rio Morada da Paz, em Paulista.<\/p>\n<p>Pelas redes sociais, artistas lamentaram a morte de Acioli. Wesley Safad\u00e3o postou uma foto com o jornalista e escreveu &#8220;Luto, Raphael Acioli. Descanse em paz&#8221;.<\/p>\n<p>A cantora Joelma agradeceu o amigo atrav\u00e9s de uma postagem: \u201c\u00c9 com muita tristeza que venho aqui deixar nossa \u00faltima foto! Obrigada por tudo, meu amigo! Descanse em paz!\u201d, disse.<\/p>\n<p>A cantora Priscila Senna, conhecida como Musa, tamb\u00e9m se despediu do jornalista. \u201cMeu querido Rapha, n\u00e3o acredito que voc\u00ea se foi. Meu cora\u00e7\u00e3o est\u00e1 despeda\u00e7ado. Que dor que estou sentindo. Que Deus conforte sua fam\u00edlia. Nunca vou te esquecer!\u201d, disse, nas redes sociais.<\/p>\n<p>A pernambucana Gerlane Lops escreveu uma homenagem ao jornalista. \u201cUm amigo que se vai de uma forma est\u00fapida. Que dor, meu amigo. Obrigada por tanto amor. Te amo pra sempre, irm\u00e3o!\u201d, publicou a artista.<\/p>\n<p>&nbsp;<\/p>\n<p><strong>Fonte: G1<\/strong><\/p>\n<p>&nbsp;<\/p>\n","protected":false},"excerpt":{"rendered":"<p>O jornalista e produtor Raphael Acioli, de 36 anos, morreu no Recife no domingo (10). O profissional, que foi assessor de artistas como Wesley Safad\u00e3o e Joelma, estava internado h\u00e1 46 dias no Hospital Memorial S\u00e3o Jos\u00e9 e, de acordo com a fam\u00edlia, o falecimento ocorreu por insufici\u00eancia renal e hep\u00e1tica, agravadas pela Covid-19. O &hellip;<\/p>\n","protected":false},"author":1,"featured_media":11999,"comment_status":"closed","ping_status":"closed","sticky":false,"template":"","format":"standard","meta":{"_jetpack_newsletter_access":"","_jetpack_dont_email_post_to_subs":false,"_jetpack_newsletter_tier_id":0,"_jetpack_memberships_contains_paywalled_content":false,"_jetpack_memberships_contains_paid_content":false,"footnotes":""},"categories":[1],"tags":[],"class_list":["post-11998","post","type-post","status-publish","format-standard","has-post-thumbnail","hentry","category-destaque"],"jetpack_sharing_enabled":true,"jetpack_featured_media_url":"","_links":{"self":[{"href":"https:\/\/www.oparanews.com.br\/index.php\/wp-json\/wp\/v2\/posts\/11998","targetHints":{"allow":["GET"]}}],"collection":[{"href":"https:\/\/www.oparanews.com.br\/index.php\/wp-json\/wp\/v2\/posts"}],"about":[{"href":"https:\/\/www.oparanews.com.br\/index.php\/wp-json\/wp\/v2\/types\/post"}],"author":[{"embeddable":true,"href":"https:\/\/www.oparanews.com.br\/index.php\/wp-json\/wp\/v2\/users\/1"}],"replies":[{"embeddable":true,"href":"https:\/\/www.oparanews.com.br\/index.php\/wp-json\/wp\/v2\/comments?post=11998"}],"version-history":[{"count":0,"href":"https:\/\/www.oparanews.com.br\/index.php\/wp-json\/wp\/v2\/posts\/11998\/revisions"}],"wp:attachment":[{"href":"https:\/\/www.oparanews.com.br\/index.php\/wp-json\/wp\/v2\/media?parent=11998"}],"wp:term":[{"taxonomy":"category","embeddable":true,"href":"https:\/\/www.oparanews.com.br\/index.php\/wp-json\/wp\/v2\/categories?post=11998"},{"taxonomy":"post_tag","embeddable":true,"href":"https:\/\/www.oparanews.com.br\/index.php\/wp-json\/wp\/v2\/tags?post=11998"}],"curies":[{"name":"wp","href":"https:\/\/api.w.org\/{rel}","templated":true}]}}