{"id":12002,"date":"2021-01-11T18:55:04","date_gmt":"2021-01-11T18:55:04","guid":{"rendered":"https:\/\/oparanews.com.br\/?p=12002"},"modified":"2021-01-11T18:55:04","modified_gmt":"2021-01-11T18:55:04","slug":"alagoas-tem-108-820-casos-da-covid-19-e-2-569-obitos","status":"publish","type":"post","link":"https:\/\/www.oparanews.com.br\/index.php\/2021\/01\/11\/alagoas-tem-108-820-casos-da-covid-19-e-2-569-obitos\/","title":{"rendered":"Alagoas tem 108.820 casos da Covid-19 e 2.569 \u00f3bitos"},"content":{"rendered":"<p>O Boletim Epidemiol\u00f3gico da Secretaria de Estado da Sa\u00fade (Sesau), desta segunda-feira (11\/01), confirma mais 278 novos casos de Covid-19 em Alagoas. Dessa forma, o estado tem um total de 108.820 casos confirmados do novo coronav\u00edrus at\u00e9 o momento, dos quais 2.476 est\u00e3o em isolamento domiciliar. Outros 103.446 pacientes j\u00e1 finalizaram o per\u00edodo de isolamento, n\u00e3o apresentam mais sintomas e, portanto, est\u00e3o recuperados da doen\u00e7a. H\u00e1 7.976 casos em investiga\u00e7\u00e3o laboratorial.<\/p>\n<p>Foram registradas mais oito mortes em territ\u00f3rio alagoano. Com isso, Alagoas tem 2.569 \u00f3bitos por Covid-19.<\/p>\n<p>&#8211; Homem, 47 anos \u2013 Macei\u00f3 (AL)<\/p>\n<p>&#8211; Homem, 69 anos \u2013 Macei\u00f3 (AL)<\/p>\n<p>&#8211; Mulher, 44 anos \u2013 Macei\u00f3 (AL)<\/p>\n<p>&#8211; Mulher, 50 anos \u2013 Macei\u00f3 (AL)<\/p>\n<p>&#8211; Mulher, 43 anos \u2013 Olho d\u2019\u00c1gua Grande (AL)<\/p>\n<p>&#8211; Mulher, 61 anos \u2013 Matriz do Camaragibe (AL)<\/p>\n<p>&#8211; Mulher, 72 anos \u2013 Uni\u00e3o dos Palmares (AL)<\/p>\n<p>&#8211; Mulher, 76 anos \u2013 Col\u00f4nia Leopoldina (AL)<\/p>\n<p>Leitos de Covid-19 do Estado \u2013 Dos 697 leitos criados pela Secretaria de Estado da Sa\u00fade (Sesau) para atender, exclusivamente, pacientes com suspeita e confirma\u00e7\u00e3o de infec\u00e7\u00e3o pelo novo coronav\u00edrus, 297 estavam ocupados at\u00e9 \u00e0s 17 horas do domingo (10\/01), o que corresponde a 43% do total. Atualmente, 105 pacientes est\u00e3o em leitos de UTI, 05 ocupando leitos intermedi\u00e1rios e 187 em leitos de enfermaria.<\/p>\n<p>&nbsp;<\/p>\n<p><strong>Fonte: Ag\u00eancia Alagoas<\/strong><\/p>\n<p>&nbsp;<\/p>\n","protected":false},"excerpt":{"rendered":"<p>O Boletim Epidemiol\u00f3gico da Secretaria de Estado da Sa\u00fade (Sesau), desta segunda-feira (11\/01), confirma mais 278 novos casos de Covid-19 em Alagoas. Dessa forma, o estado tem um total de 108.820 casos confirmados do novo coronav\u00edrus at\u00e9 o momento, dos quais 2.476 est\u00e3o em isolamento domiciliar. Outros 103.446 pacientes j\u00e1 finalizaram o per\u00edodo de isolamento, &hellip;<\/p>\n","protected":false},"author":1,"featured_media":12003,"comment_status":"closed","ping_status":"closed","sticky":false,"template":"","format":"standard","meta":{"_jetpack_newsletter_access":"","_jetpack_dont_email_post_to_subs":false,"_jetpack_newsletter_tier_id":0,"_jetpack_memberships_contains_paywalled_content":false,"_jetpack_memberships_contains_paid_content":false,"footnotes":""},"categories":[1],"tags":[],"class_list":["post-12002","post","type-post","status-publish","format-standard","has-post-thumbnail","hentry","category-destaque"],"jetpack_sharing_enabled":true,"jetpack_featured_media_url":"","_links":{"self":[{"href":"https:\/\/www.oparanews.com.br\/index.php\/wp-json\/wp\/v2\/posts\/12002","targetHints":{"allow":["GET"]}}],"collection":[{"href":"https:\/\/www.oparanews.com.br\/index.php\/wp-json\/wp\/v2\/posts"}],"about":[{"href":"https:\/\/www.oparanews.com.br\/index.php\/wp-json\/wp\/v2\/types\/post"}],"author":[{"embeddable":true,"href":"https:\/\/www.oparanews.com.br\/index.php\/wp-json\/wp\/v2\/users\/1"}],"replies":[{"embeddable":true,"href":"https:\/\/www.oparanews.com.br\/index.php\/wp-json\/wp\/v2\/comments?post=12002"}],"version-history":[{"count":0,"href":"https:\/\/www.oparanews.com.br\/index.php\/wp-json\/wp\/v2\/posts\/12002\/revisions"}],"wp:attachment":[{"href":"https:\/\/www.oparanews.com.br\/index.php\/wp-json\/wp\/v2\/media?parent=12002"}],"wp:term":[{"taxonomy":"category","embeddable":true,"href":"https:\/\/www.oparanews.com.br\/index.php\/wp-json\/wp\/v2\/categories?post=12002"},{"taxonomy":"post_tag","embeddable":true,"href":"https:\/\/www.oparanews.com.br\/index.php\/wp-json\/wp\/v2\/tags?post=12002"}],"curies":[{"name":"wp","href":"https:\/\/api.w.org\/{rel}","templated":true}]}}