{"id":12016,"date":"2021-01-11T19:50:28","date_gmt":"2021-01-11T19:50:28","guid":{"rendered":"https:\/\/oparanews.com.br\/?p=12016"},"modified":"2021-01-11T19:50:28","modified_gmt":"2021-01-11T19:50:28","slug":"biden-toma-2a-dose-da-vacina-contra-a-covid-19","status":"publish","type":"post","link":"https:\/\/www.oparanews.com.br\/index.php\/2021\/01\/11\/biden-toma-2a-dose-da-vacina-contra-a-covid-19\/","title":{"rendered":"Biden toma 2\u00aa dose da vacina contra a Covid-19"},"content":{"rendered":"<p>O presidente eleito dos Estados Unidos, Joe Biden, de 78 anos, recebeu nesta segunda-feira (11) a segunda dose da vacina contra a Covid-19 desenvolvida pelas farmac\u00eauticas Pfizer e BioNTech.<\/p>\n<p>Em r\u00e1pido pronunciamento, ele prometeu vacinar milh\u00f5es de pessoas nos EUA em 100 dias, mas disse que isso ser\u00e1 um grande desafio e que, por enquanto, todos devem usar m\u00e1scara.<\/p>\n<p>A aplica\u00e7\u00e3o em p\u00fablico \u00e9 um esfor\u00e7o para incentivar a vacina\u00e7\u00e3o no pa\u00eds \u2013 pouco antes do Natal, o democrata recebeu a primeira dose da vacina. O presidente Donald Trump, de 74 anos, que contraiu a Covid-19 em outubro, ainda n\u00e3o informou se tomar\u00e1 a vacina.<\/p>\n<p>A vacina da Pfizer foi a primeira a ser aprovada no pa\u00eds na segunda quinzena de dezembro. Ainda em fase inicial da campanha, os hospitais est\u00e3o vacinando preferencialmente profissionais da sa\u00fade, idosos e membros do grupo de risco.<\/p>\n<p>A vice-presidente eleita, Kamala Harris, tamb\u00e9m deve receber a segunda dose da vacina em breve. Ela recebeu a subst\u00e2ncia da Moderna uma semana depois de Biden ser imunizado.<\/p>\n<p>A ag\u00eancia reguladora norte-americana aprovou, at\u00e9 o momento, essas duas vacinas para uso emergencial.<\/p>\n<p>Ambas as vacinas \u2013 Pfizer\/BioNTech e Moderna \u2013 usam mol\u00e9culas de mRNA (\u00e1cido ribonucl\u00e9ico mensageiro) para fazer com que as c\u00e9lulas humanas produzam imunidade ao &#8220;espinho&#8221; do coronav\u00edrus e, assim, evitar que ele consiga se fixar.<\/p>\n<p>&nbsp;<\/p>\n<p><strong>Fonte: G1<\/strong><\/p>\n<p>&nbsp;<\/p>\n","protected":false},"excerpt":{"rendered":"<p>O presidente eleito dos Estados Unidos, Joe Biden, de 78 anos, recebeu nesta segunda-feira (11) a segunda dose da vacina contra a Covid-19 desenvolvida pelas farmac\u00eauticas Pfizer e BioNTech. Em r\u00e1pido pronunciamento, ele prometeu vacinar milh\u00f5es de pessoas nos EUA em 100 dias, mas disse que isso ser\u00e1 um grande desafio e que, por enquanto, &hellip;<\/p>\n","protected":false},"author":1,"featured_media":12017,"comment_status":"closed","ping_status":"closed","sticky":false,"template":"","format":"standard","meta":{"_jetpack_newsletter_access":"","_jetpack_dont_email_post_to_subs":false,"_jetpack_newsletter_tier_id":0,"_jetpack_memberships_contains_paywalled_content":false,"_jetpack_memberships_contains_paid_content":false,"footnotes":""},"categories":[1],"tags":[],"class_list":["post-12016","post","type-post","status-publish","format-standard","has-post-thumbnail","hentry","category-destaque"],"jetpack_sharing_enabled":true,"jetpack_featured_media_url":"","_links":{"self":[{"href":"https:\/\/www.oparanews.com.br\/index.php\/wp-json\/wp\/v2\/posts\/12016","targetHints":{"allow":["GET"]}}],"collection":[{"href":"https:\/\/www.oparanews.com.br\/index.php\/wp-json\/wp\/v2\/posts"}],"about":[{"href":"https:\/\/www.oparanews.com.br\/index.php\/wp-json\/wp\/v2\/types\/post"}],"author":[{"embeddable":true,"href":"https:\/\/www.oparanews.com.br\/index.php\/wp-json\/wp\/v2\/users\/1"}],"replies":[{"embeddable":true,"href":"https:\/\/www.oparanews.com.br\/index.php\/wp-json\/wp\/v2\/comments?post=12016"}],"version-history":[{"count":0,"href":"https:\/\/www.oparanews.com.br\/index.php\/wp-json\/wp\/v2\/posts\/12016\/revisions"}],"wp:attachment":[{"href":"https:\/\/www.oparanews.com.br\/index.php\/wp-json\/wp\/v2\/media?parent=12016"}],"wp:term":[{"taxonomy":"category","embeddable":true,"href":"https:\/\/www.oparanews.com.br\/index.php\/wp-json\/wp\/v2\/categories?post=12016"},{"taxonomy":"post_tag","embeddable":true,"href":"https:\/\/www.oparanews.com.br\/index.php\/wp-json\/wp\/v2\/tags?post=12016"}],"curies":[{"name":"wp","href":"https:\/\/api.w.org\/{rel}","templated":true}]}}