{"id":12019,"date":"2021-01-11T20:02:16","date_gmt":"2021-01-11T20:02:16","guid":{"rendered":"https:\/\/oparanews.com.br\/?p=12019"},"modified":"2021-01-11T20:02:16","modified_gmt":"2021-01-11T20:02:16","slug":"governo-pretende-iniciar-vacinacao-com-apenas-uma-dose","status":"publish","type":"post","link":"https:\/\/www.oparanews.com.br\/index.php\/2021\/01\/11\/governo-pretende-iniciar-vacinacao-com-apenas-uma-dose\/","title":{"rendered":"Governo pretende iniciar vacina\u00e7\u00e3o com apenas uma dose"},"content":{"rendered":"<p>O ministro da Sa\u00fade, Eduardo Pazuello, afirmou nesta segunda-feira que o governo pretende iniciar a vacina\u00e7\u00e3o contra covid-19 aplicando uma \u00fanica dose, em um primeiro momento, de forma a ampliar o n\u00famero de pessoas vacinadas e reduzir a pandemia, e somente mais adiante realizar a segunda aplica\u00e7\u00e3o do imunizante.<\/p>\n<p>Em pronunciamento durante visita a Manaus, que passa por uma grave segunda onda da doen\u00e7a, Pazuello afirmou que o minist\u00e9rio avalia adotar essa estrat\u00e9gia com a vacina da AstraZeneca\/Oxford, que ser\u00e1 produzida no pa\u00eds em parceria com a Funda\u00e7\u00e3o Oswaldo Cruz (Fiocruz).<\/p>\n<p>Segundo o ministro, a aplica\u00e7\u00e3o de uma \u00fanica dose permitiria a prote\u00e7\u00e3o de 71% e de duas doses acima de 90%.<\/p>\n<p>&#8220;Talvez a gente entre para imuniza\u00e7\u00e3o em massa, \u00e9 uma estrat\u00e9gia que a SVS (Secretaria de Vigil\u00e2ncia em Sa\u00fade) vai fazer para reduzir a pandemia. Talvez o foco n\u00e3o seja na imunidade completa e sim na redu\u00e7\u00e3o da contamina\u00e7\u00e3o, e a\u00ed a pandemia diminui muito, podendo aplicar a segunda dose na sequ\u00eancia e vai para imuniza\u00e7\u00e3o de 90 e tantos por cento alto&#8221;, disse.<\/p>\n<p>A estrat\u00e9gia de dar um intervalo maior entre as aplica\u00e7\u00f5es da duas doses j\u00e1 est\u00e1 sendo adotada no Reino Unido, que decidiu estipular um prazo de 3 meses entre a primeira e a segunda doses da vacina da AstraZeneca. Inicialmente as duas doses da vacina teriam intervalo de 21 dias.<\/p>\n<p>No pronunciamento, Pazuello refor\u00e7ou que o governo trabalha com tr\u00eas per\u00edodos de in\u00edcio da vacina\u00e7\u00e3o no pa\u00eds, sendo o mais otimista com come\u00e7o a partir de 20 de janeiro e o mais demorado de 10 de fevereiro ao in\u00edcio de mar\u00e7o.<\/p>\n<p>O ministro disse que o governo federal j\u00e1 adquiriu 2 milh\u00f5es de doses da AstraZeneca e outras 6 milh\u00f5es da CoronaVac, que tem o Instituto Butantan como parceiro no pa\u00eds, para uso emergencial, pendente a autoriza\u00e7\u00e3o de uso pela Ag\u00eancia Nacional de Vigil\u00e2ncia Sanit\u00e1ria (Anvisa). No caso da vacina da AstraZeneca, o governo ainda aguarda a chegada de doses da \u00cdndia, enquanto as doses da CoronaVac est\u00e3o em S\u00e3o Paulo.<\/p>\n<p>Mesmo sem o Brasil ter iniciado sua vacina\u00e7\u00e3o e ostentando altos \u00edndices de contamina\u00e7\u00e3o e mortes por covid-19, Pazuello fez um discurso otimista. Disse que todos os Estados v\u00e3o receber simultaneamente as vacinas e que o pa\u00eds vai dar &#8220;exemplo para o mundo&#8221;.<\/p>\n<p>&#8220;Todos os Estados receber\u00e3o simultaneamente as vacinas, no mesmo dia. A vacina vai come\u00e7ar no dia D, na hora H. No dia D, na hora H, no Brasil. No primeiro dia que chegar a vacina ou que a autoriza\u00e7\u00e3o for feita, a partir do terceiro ou quarto dia j\u00e1 estar\u00e1 nos Estados e munic\u00edpios para iniciar a vacina\u00e7\u00e3o no Brasil. A prioridade j\u00e1 est\u00e1 dada, o Brasil todo e vamos fazer como exemplo para o mundo&#8221;, disse.<\/p>\n<p>&#8220;Os grupos priorit\u00e1rios j\u00e1 est\u00e3o distribu\u00eddos, os n\u00fameros j\u00e1 est\u00e3o distribu\u00eddos pelas hip\u00f3teses 2, 6 ou 8 (milh\u00f5es) agora para janeiro. Se come\u00e7ar que for 8 (milh\u00f5es de doses emergenciais), vamos ser o pa\u00eds que mais vai vacinar no mundo. E a\u00ed eu quero ver o que v\u00e3o dizer, qual vai ser a pr\u00f3xima etapa&#8221;, emendou ele, numa refer\u00eancia a cr\u00edticas que o governo tem recebido ao programa de imuniza\u00e7\u00e3o do governo.<\/p>\n<p>O ministro defendeu a estrat\u00e9gia de se adquirir vacinas que possam ser fabricadas no pa\u00eds e o tratamento precoce contra o covid-19.<\/p>\n<p>&nbsp;<\/p>\n<p><strong>Fonte: Terra<\/strong><\/p>\n<p>&nbsp;<\/p>\n","protected":false},"excerpt":{"rendered":"<p>O ministro da Sa\u00fade, Eduardo Pazuello, afirmou nesta segunda-feira que o governo pretende iniciar a vacina\u00e7\u00e3o contra covid-19 aplicando uma \u00fanica dose, em um primeiro momento, de forma a ampliar o n\u00famero de pessoas vacinadas e reduzir a pandemia, e somente mais adiante realizar a segunda aplica\u00e7\u00e3o do imunizante. Em pronunciamento durante visita a Manaus, &hellip;<\/p>\n","protected":false},"author":1,"featured_media":12020,"comment_status":"closed","ping_status":"closed","sticky":false,"template":"","format":"standard","meta":{"_jetpack_newsletter_access":"","_jetpack_dont_email_post_to_subs":false,"_jetpack_newsletter_tier_id":0,"_jetpack_memberships_contains_paywalled_content":false,"_jetpack_memberships_contains_paid_content":false,"footnotes":""},"categories":[1],"tags":[],"class_list":["post-12019","post","type-post","status-publish","format-standard","has-post-thumbnail","hentry","category-destaque"],"jetpack_sharing_enabled":true,"jetpack_featured_media_url":"","_links":{"self":[{"href":"https:\/\/www.oparanews.com.br\/index.php\/wp-json\/wp\/v2\/posts\/12019","targetHints":{"allow":["GET"]}}],"collection":[{"href":"https:\/\/www.oparanews.com.br\/index.php\/wp-json\/wp\/v2\/posts"}],"about":[{"href":"https:\/\/www.oparanews.com.br\/index.php\/wp-json\/wp\/v2\/types\/post"}],"author":[{"embeddable":true,"href":"https:\/\/www.oparanews.com.br\/index.php\/wp-json\/wp\/v2\/users\/1"}],"replies":[{"embeddable":true,"href":"https:\/\/www.oparanews.com.br\/index.php\/wp-json\/wp\/v2\/comments?post=12019"}],"version-history":[{"count":0,"href":"https:\/\/www.oparanews.com.br\/index.php\/wp-json\/wp\/v2\/posts\/12019\/revisions"}],"wp:attachment":[{"href":"https:\/\/www.oparanews.com.br\/index.php\/wp-json\/wp\/v2\/media?parent=12019"}],"wp:term":[{"taxonomy":"category","embeddable":true,"href":"https:\/\/www.oparanews.com.br\/index.php\/wp-json\/wp\/v2\/categories?post=12019"},{"taxonomy":"post_tag","embeddable":true,"href":"https:\/\/www.oparanews.com.br\/index.php\/wp-json\/wp\/v2\/tags?post=12019"}],"curies":[{"name":"wp","href":"https:\/\/api.w.org\/{rel}","templated":true}]}}