{"id":12026,"date":"2021-01-12T10:54:09","date_gmt":"2021-01-12T10:54:09","guid":{"rendered":"https:\/\/oparanews.com.br\/?p=12026"},"modified":"2021-01-12T10:54:09","modified_gmt":"2021-01-12T10:54:09","slug":"covid-19-e-saude-publica-estatistica-desumanas","status":"publish","type":"post","link":"https:\/\/www.oparanews.com.br\/index.php\/2021\/01\/12\/covid-19-e-saude-publica-estatistica-desumanas\/","title":{"rendered":"Covid-19 e Sa\u00fade P\u00fablica: Estat\u00edstica Desumanas"},"content":{"rendered":"<p dir=\"ltr\">Nas \u00faltimas semanas, os casos de Covid-19 v\u00eam aumentando bruscamente em alguns pa\u00edses. Na Europa, por exemplo, pa\u00edses como o Reino Unido<a href=\"https:\/\/www.jornalgrandebahia.com.br\/2021\/01\/covid-19-e-saude-publica-estatistica-desumanas-por-angelo-augusto-araujo\/#_ftn1\">[1]<\/a>\u00a0e Alemanha<a href=\"https:\/\/www.jornalgrandebahia.com.br\/2021\/01\/covid-19-e-saude-publica-estatistica-desumanas-por-angelo-augusto-araujo\/#_ftn2\">[2]<\/a>impuseram medidas mais duras de controle pand\u00eamico, decretando\u00a0<i>Lockdown<\/i>\u00a0e modificando alguns crit\u00e9rios de finaliza\u00e7\u00e3o do isolamento social de pessoas que tiveram contato com infectados e daqueles que j\u00e1 est\u00e3o com a doen\u00e7a<a href=\"https:\/\/www.jornalgrandebahia.com.br\/2021\/01\/covid-19-e-saude-publica-estatistica-desumanas-por-angelo-augusto-araujo\/#_ftn3\">[3]<\/a>. As vacinas prometem imuniza\u00e7\u00e3o, contudo at\u00e9 colhermos os resultados da efic\u00e1cia e da dura\u00e7\u00e3o dos efeitos imunizantes, teremos, ainda, que aguardar um tempo significativo<a href=\"https:\/\/www.jornalgrandebahia.com.br\/2021\/01\/covid-19-e-saude-publica-estatistica-desumanas-por-angelo-augusto-araujo\/#_ftn4\">[4]<\/a>. Portanto, at\u00e9 l\u00e1, a \u00fanica solu\u00e7\u00e3o para diminuir os efeitos danosos da pandemia, estar\u00e1 nas m\u00e3os dos governos de cada pa\u00eds, destacando a estat\u00edstica prestada a \u00e9tica do Dever, os quais tem a obriga\u00e7\u00e3o de reafirmar a responsabilidade civil de cada e com cada indiv\u00edduo.<\/p>\n<p dir=\"ltr\">A medicina, como toda a ci\u00eancias naturais, estrutura todos os pensamentos em dados estat\u00edsticos, toda a forma de referenciar as patologias que acometem o ser humano, s\u00e3o fundamentadas nas experi\u00eancias e observa\u00e7\u00f5es hist\u00f3ricas refletida pelos n\u00fameros. A individualidade do ser \u00e9 transformada em uma escala num\u00e9rica para facilitar o entendimento da magnitude dos problemas, de massa, que se prop\u00f5em a enfrentar. Para analisar estatisticamente uma comunidade, no intuito de determina a qual ser\u00e1 a melhor maneira de alargar uma compreens\u00e3o, t\u00eam que se realizar correla\u00e7\u00f5es estat\u00edsticas importantes para mirar os melhores direcionamentos para o controle de uma determinada patologia, nesse caso a Covid-19.<\/p>\n<p dir=\"ltr\">Entretanto, como a pandemia permitiu a visualiza\u00e7\u00e3o de muitas quest\u00f5es problem\u00e1ticas ligadas as rela\u00e7\u00f5es do individuo com o indiv\u00edduo e do indiv\u00edduo com o planeta, esse desastre humano que estamos vivenciando, a pandemia pelo Sars-Cov-2 e suas variantes, esclarece a todos a necessidade de observar a import\u00e2ncia do outro, como ser \u00fanico e diverso, em uma cadeia de fatos que poder\u00e1 atingir toda humanidade. Ent\u00e3o, o que deveremos repensar estatisticamente com as li\u00e7\u00f5es que a pandemia nos ensina?<\/p>\n<p dir=\"ltr\">Nos boletins atuais da comunidade europeia, os quais tercem orienta\u00e7\u00f5es sob a pandemia, como exemplo, os dados estat\u00edsticos que apontam o per\u00edodo de incuba\u00e7\u00e3o, indicam que 99% da Covid-19 manifesta-se entre o 2\u00ba e 14\u00ba dias<a href=\"https:\/\/www.jornalgrandebahia.com.br\/2021\/01\/covid-19-e-saude-publica-estatistica-desumanas-por-angelo-augusto-araujo\/#_ftn5\">[5]<\/a>. Ou seja, \u00e9 poss\u00edvel dentro de uma curva de transmissibilidade ocorrerem pacientes que apresentem manifesta\u00e7\u00f5es da doen\u00e7a antes e ap\u00f3s esse per\u00edodo. Outro dado importante<a href=\"https:\/\/www.jornalgrandebahia.com.br\/2021\/01\/covid-19-e-saude-publica-estatistica-desumanas-por-angelo-augusto-araujo\/#_ftn6\">[6]<\/a>, \u00e9 que 37% a 44% das pessoas podem transmitir a doen\u00e7a em est\u00e1gios pr\u00e9-sintom\u00e1ticos.\u00a0 Ainda observando os dados estat\u00edsticos<a href=\"https:\/\/www.jornalgrandebahia.com.br\/2021\/01\/covid-19-e-saude-publica-estatistica-desumanas-por-angelo-augusto-araujo\/#_ftn7\">[7]<\/a>, nota-se que as possibilidades dos portadores assintom\u00e1ticos e sintom\u00e1ticos leves continuarem carregando cepas virais, poss\u00edveis de transmiss\u00e3o, na oro-faringe ap\u00f3s 10 dias de teste positivo (RT-PCR) para os assintom\u00e1ticos, e para os sintom\u00e1ticos leves, 10 dias + 3 dias sem sintomas, \u00e9 evidente, por esse motivo, alguns pa\u00edses adotaram crit\u00e9rios de dupla checagem antes da reintegra\u00e7\u00e3o do individuo, ou seja, repetir os testes novamente (RT-PCR). Todavia, os crit\u00e9rios de controle pand\u00eamico estabelecidos pela Organiza\u00e7\u00e3o Mundial da Sa\u00fade<a href=\"https:\/\/www.jornalgrandebahia.com.br\/2021\/01\/covid-19-e-saude-publica-estatistica-desumanas-por-angelo-augusto-araujo\/#_ftn8\">[8]<\/a>, baseando nas fundamenta\u00e7\u00f5es econ\u00f4micas e estat\u00edsticas, nas quais observam-se as limita\u00e7\u00f5es dos recursos para necessidade ilimitadas, recomenda-se que:<\/p>\n<p dir=\"ltr\">Quando o indiv\u00edduo tiver contato com infectado, deve procurar fazer o teste (RT-PCR), mesmo assintom\u00e1tico. Caso o teste d\u00ea negativo n\u00e3o ser\u00e1 descartado a possibilidade de vir positivar a posteriori. Caso d\u00ea positivo, se o individuo n\u00e3o apresentar sintomas ap\u00f3s 10 dias, poder\u00e1 ser reintegrado a comunidade. Entretanto, caso apresente positivo e tenha sintomas leve, deve esperar 10 dias + 3 dias sem sintomas para reintegrar, ou a quantidade de dias com sintomas + 3 dias sem sintomas (por exemplo: 30 dias sintom\u00e1tico + 3 dias sem sintomas) para se reintegrar<a href=\"https:\/\/www.jornalgrandebahia.com.br\/2021\/01\/covid-19-e-saude-publica-estatistica-desumanas-por-angelo-augusto-araujo\/#_ftn9\">[9]<\/a>.<\/p>\n<p dir=\"ltr\">\nContudo, o que se discuti aqui n\u00e3o \u00e9, especificamente, a f\u00f3rmula estat\u00edstica de manejo das observa\u00e7\u00f5es das cargas virais e riscos de transmissibilidade probabil\u00edstico, mas a forma de observa\u00e7\u00f5es n\u00e3o particularizada dentro do pensamento estat\u00edstico desumano utilit\u00e1rio e econ\u00f4mico. Pensamento que desconsidera a probabilidade, possibilidade, pequena de transmiss\u00e3o, que, caso fosse considerada, diminuiria muito os casos de Covid-19 com a retestagem (RT-PCR). Nesse modelo que \u00e9 adotado pelo pa\u00eds que abriga o maior n\u00famero de casos e mortes (Estados Unidos da Am\u00e9rica)<a href=\"https:\/\/www.jornalgrandebahia.com.br\/2021\/01\/covid-19-e-saude-publica-estatistica-desumanas-por-angelo-augusto-araujo\/#_ftn10\">[10]<\/a><a href=\"https:\/\/www.jornalgrandebahia.com.br\/2021\/01\/covid-19-e-saude-publica-estatistica-desumanas-por-angelo-augusto-araujo\/#_ftn11\">[11]<\/a>, fica mais que evidente que a preocupa\u00e7\u00e3o n\u00e3o \u00e9 com a sa\u00fade humana, mas sim com a economia.\u00a0Visto que, a epidemiologia n\u00e3o serviu para a fundamenta\u00e7\u00e3o do controle pand\u00eamico, e os n\u00fameros de infectados e mortes batem recordes um dia ap\u00f3s o outro, assim como, a aposta est\u00e1 desesperadamente voltada para a efic\u00e1cia das vacinas.\u00a0 Alguns pa\u00edses v\u00eam modificando os crit\u00e9rios de alta de isolamento, obrigando as pessoas que testaram positivo, reavaliar com novo teste para afastar a possibilidade de transmiss\u00e3o antes da reintegra\u00e7\u00e3o comunit\u00e1ria. No Brasil, que segue um modelo de heteronomia desgovernamental<a href=\"https:\/\/www.jornalgrandebahia.com.br\/2021\/01\/covid-19-e-saude-publica-estatistica-desumanas-por-angelo-augusto-araujo\/#_ftn12\">[12]<\/a>, existem diversos relatos de pessoas suspeitas que at\u00e9 o momento lutam para fazer o primeiro teste<a href=\"https:\/\/www.jornalgrandebahia.com.br\/2021\/01\/covid-19-e-saude-publica-estatistica-desumanas-por-angelo-augusto-araujo\/#_ftn13\">[13]<\/a>.<\/p>\n<p dir=\"ltr\">Portanto, a individualidade e a diversidade do ser est\u00e3o atreladas ao dia a dia dos profissionais de sa\u00fade que, na ponta de linha de uma cadeia produtiva, t\u00eam que lhes dar com as particularidades dos seus pacientes, coisa que o sistema desconsidera. In\u00fameras vezes, as expectativas dos seres humanos n\u00e3o saem como n\u00fameros que representam uma grande maioria. A transfer\u00eancia de responsabilidades de todo um sistema que desconsidera o indiv\u00edduo, mostra como a estat\u00edstica \u00e9 observada dentro de um pensamento Utilitarista econ\u00f4mico, desumano, sendo que \u00e9 desconsiderada a \u00e9tica do Dever para com todos e suas particularidades. At\u00e9 as vacinas provarem suas efic\u00e1cias ou a pandemia consegui convencer as pessoas e os governos da import\u00e2ncia do outro, teremos que conviver com o medo e a endemiza\u00e7\u00e3o de uma doen\u00e7a que poderia ser controlada<a href=\"https:\/\/www.jornalgrandebahia.com.br\/2021\/01\/covid-19-e-saude-publica-estatistica-desumanas-por-angelo-augusto-araujo\/#_ftn14\">[14]<\/a>.<\/p>\n<p dir=\"ltr\">Os pr\u00f3prios dados que revelam as quantidades de \u00f3bitos e contaminados j\u00e1 s\u00e3o estat\u00edstica desumanas.<\/p>\n<p dir=\"ltr\">\n<p dir=\"ltr\"><strong>por \u00c2ngelo Augusto Ara\u00fajo &#8211; jornalgrandebahia<\/strong><\/p>\n<p dir=\"ltr\">\n","protected":false},"excerpt":{"rendered":"<p>Nas \u00faltimas semanas, os casos de Covid-19 v\u00eam aumentando bruscamente em alguns pa\u00edses. Na Europa, por exemplo, pa\u00edses como o Reino Unido[1]\u00a0e Alemanha[2]impuseram medidas mais duras de controle pand\u00eamico, decretando\u00a0Lockdown\u00a0e modificando alguns crit\u00e9rios de finaliza\u00e7\u00e3o do isolamento social de pessoas que tiveram contato com infectados e daqueles que j\u00e1 est\u00e3o com a doen\u00e7a[3]. As vacinas &hellip;<\/p>\n","protected":false},"author":1,"featured_media":12027,"comment_status":"closed","ping_status":"closed","sticky":false,"template":"","format":"standard","meta":{"_jetpack_newsletter_access":"","_jetpack_dont_email_post_to_subs":false,"_jetpack_newsletter_tier_id":0,"_jetpack_memberships_contains_paywalled_content":false,"_jetpack_memberships_contains_paid_content":false,"footnotes":""},"categories":[1],"tags":[],"class_list":["post-12026","post","type-post","status-publish","format-standard","has-post-thumbnail","hentry","category-destaque"],"jetpack_sharing_enabled":true,"jetpack_featured_media_url":"","_links":{"self":[{"href":"https:\/\/www.oparanews.com.br\/index.php\/wp-json\/wp\/v2\/posts\/12026","targetHints":{"allow":["GET"]}}],"collection":[{"href":"https:\/\/www.oparanews.com.br\/index.php\/wp-json\/wp\/v2\/posts"}],"about":[{"href":"https:\/\/www.oparanews.com.br\/index.php\/wp-json\/wp\/v2\/types\/post"}],"author":[{"embeddable":true,"href":"https:\/\/www.oparanews.com.br\/index.php\/wp-json\/wp\/v2\/users\/1"}],"replies":[{"embeddable":true,"href":"https:\/\/www.oparanews.com.br\/index.php\/wp-json\/wp\/v2\/comments?post=12026"}],"version-history":[{"count":0,"href":"https:\/\/www.oparanews.com.br\/index.php\/wp-json\/wp\/v2\/posts\/12026\/revisions"}],"wp:attachment":[{"href":"https:\/\/www.oparanews.com.br\/index.php\/wp-json\/wp\/v2\/media?parent=12026"}],"wp:term":[{"taxonomy":"category","embeddable":true,"href":"https:\/\/www.oparanews.com.br\/index.php\/wp-json\/wp\/v2\/categories?post=12026"},{"taxonomy":"post_tag","embeddable":true,"href":"https:\/\/www.oparanews.com.br\/index.php\/wp-json\/wp\/v2\/tags?post=12026"}],"curies":[{"name":"wp","href":"https:\/\/api.w.org\/{rel}","templated":true}]}}