{"id":12029,"date":"2021-01-12T13:47:10","date_gmt":"2021-01-12T13:47:10","guid":{"rendered":"https:\/\/oparanews.com.br\/?p=12029"},"modified":"2021-01-12T13:47:10","modified_gmt":"2021-01-12T13:47:10","slug":"redes-sociais-e-midias-aproximam-bom-jesus-dos-navegantes-das-pessoas","status":"publish","type":"post","link":"https:\/\/www.oparanews.com.br\/index.php\/2021\/01\/12\/redes-sociais-e-midias-aproximam-bom-jesus-dos-navegantes-das-pessoas\/","title":{"rendered":"Redes sociais e m\u00eddias aproximam Bom Jesus dos Navegantes das pessoas"},"content":{"rendered":"<p>A transmiss\u00e3o, em tempo real, da festa do Bom Jesus dos Navegantes em Penedo agradou internautas e radiouvintes. Sintonizado em emissoras FM ou conectado pela Internet, nas redes sociais ou em canais do YouTube, o p\u00fablico acompanhou, de perto, a maior celebra\u00e7\u00e3o religiosa de Alagoas.<\/p>\n<p>A proximidade \u00e9 percebida nos coment\u00e1rios das lives realizadas pela Prefeitura de Penedo. \u201cMesmo longe de minha cidade, posso matar a saudade assistindo o encerramento da festa do Bom Jesus. Obrigado Senhor\u201d, comentou Renildo Menezes no Facebook da administra\u00e7\u00e3o municipal, v\u00eddeo da \u00faltima missa do louvor em 2021.<\/p>\n<p>J\u00e1 o auxiliar cont\u00e1bil da Diocese de Roraima, Maiquel Winter informou, tamb\u00e9m pelo Facebook da Prefeitura de Penedo, que acompanhava a celebra\u00e7\u00e3o direto de Boa Vista, capital do estado localizado na regi\u00e3o amaz\u00f4nica.<\/p>\n<p>A missa de encerramento do Bom Jesus alcan\u00e7ou mais de 17 mil pessoas, somente na p\u00e1gina oficial da Prefeitura de Penedo, no Facebook. A transmiss\u00e3o registrou mais de duas mil a\u00e7\u00f5es de engajamento, centenas de coment\u00e1rios e 75 compartilhamentos.<\/p>\n<p>J\u00e1 no Instagram da Prefeitura de Penedo, as lives da prociss\u00e3o fluvial t\u00eam milhares de visualiza\u00e7\u00f5es, depoimentos de f\u00e9, declara\u00e7\u00f5es de amor a Penedo e elogios \u00e0s transmiss\u00f5es realizadas pelo Departamento de Comunica\u00e7\u00e3o do munic\u00edpio.<\/p>\n<p>A divulga\u00e7\u00e3o virtual tamb\u00e9m foi realizada pela Pastoral de Comunica\u00e7\u00e3o da Diocese de Penedo. As r\u00e1dios Penedo FM e Grande Rio FM estavam nas ruas e na balsa, com seus rep\u00f3rteres, entre eles Ant\u00f4nio Silva, personagem da mat\u00e9ria produzida pela TV Gazeta, emissora que sempre faz a cobertura da prociss\u00e3o no Rio S\u00e3o Francisco.<\/p>\n<p>\u201cTem muita gente que liga depois das prociss\u00f5es e diz assim: eu me senti dentro da balsa, acompanhando a imagem do Bom Jesus. \u00c9 muito importante a presen\u00e7a dos amigos da comunica\u00e7\u00e3o, a TV, o r\u00e1dio, essa integra\u00e7\u00e3o porque n\u00f3s levamos emo\u00e7\u00e3o\u201d, disse o radialista sobre um dos efeitos dos meios de comunica\u00e7\u00e3o na audi\u00eancia.<\/p>\n<p>Quem entendeu que poderia acompanhar tudo, sem se expor ao risco de ser contaminado pelo coronav\u00edrus, tamb\u00e9m parabenizou a divulga\u00e7\u00e3o e foi aben\u00e7oado, da mesma forma que os devotos e romeiros presentes.<\/p>\n<p>Elaine Lima comentou no Instagram da Prefeitura de Penedo. \u201cQue ben\u00e7\u00e3o. Parab\u00e9ns pelo empenho e zelo. Na missa das 9 horas, vi compromisso e responsabilidade. Verificando temperatura, fazendo uso de \u00e1lcool gel e pedindo para as pessoas usarem m\u00e1scaras, at\u00e9 mesmo distribuindo para que n\u00e3o tinha\u201d, escreveu, acrescentando que \u201cnem todas as pessoas s\u00e3o conscientes\u201d.<\/p>\n<p>&nbsp;<\/p>\n<p><strong>por Fernando Vin\u00edcius \u2013 Decom PMP<\/strong><br \/>\n<strong>Imagens\/Decom \u2013 foto Itawi Albuquerque<\/strong><\/p>\n<p>&nbsp;<\/p>\n","protected":false},"excerpt":{"rendered":"<p>A transmiss\u00e3o, em tempo real, da festa do Bom Jesus dos Navegantes em Penedo agradou internautas e radiouvintes. Sintonizado em emissoras FM ou conectado pela Internet, nas redes sociais ou em canais do YouTube, o p\u00fablico acompanhou, de perto, a maior celebra\u00e7\u00e3o religiosa de Alagoas. A proximidade \u00e9 percebida nos coment\u00e1rios das lives realizadas pela &hellip;<\/p>\n","protected":false},"author":1,"featured_media":12030,"comment_status":"closed","ping_status":"closed","sticky":false,"template":"","format":"standard","meta":{"_jetpack_newsletter_access":"","_jetpack_dont_email_post_to_subs":false,"_jetpack_newsletter_tier_id":0,"_jetpack_memberships_contains_paywalled_content":false,"_jetpack_memberships_contains_paid_content":false,"footnotes":""},"categories":[1],"tags":[],"class_list":["post-12029","post","type-post","status-publish","format-standard","has-post-thumbnail","hentry","category-destaque"],"jetpack_sharing_enabled":true,"jetpack_featured_media_url":"","_links":{"self":[{"href":"https:\/\/www.oparanews.com.br\/index.php\/wp-json\/wp\/v2\/posts\/12029","targetHints":{"allow":["GET"]}}],"collection":[{"href":"https:\/\/www.oparanews.com.br\/index.php\/wp-json\/wp\/v2\/posts"}],"about":[{"href":"https:\/\/www.oparanews.com.br\/index.php\/wp-json\/wp\/v2\/types\/post"}],"author":[{"embeddable":true,"href":"https:\/\/www.oparanews.com.br\/index.php\/wp-json\/wp\/v2\/users\/1"}],"replies":[{"embeddable":true,"href":"https:\/\/www.oparanews.com.br\/index.php\/wp-json\/wp\/v2\/comments?post=12029"}],"version-history":[{"count":0,"href":"https:\/\/www.oparanews.com.br\/index.php\/wp-json\/wp\/v2\/posts\/12029\/revisions"}],"wp:attachment":[{"href":"https:\/\/www.oparanews.com.br\/index.php\/wp-json\/wp\/v2\/media?parent=12029"}],"wp:term":[{"taxonomy":"category","embeddable":true,"href":"https:\/\/www.oparanews.com.br\/index.php\/wp-json\/wp\/v2\/categories?post=12029"},{"taxonomy":"post_tag","embeddable":true,"href":"https:\/\/www.oparanews.com.br\/index.php\/wp-json\/wp\/v2\/tags?post=12029"}],"curies":[{"name":"wp","href":"https:\/\/api.w.org\/{rel}","templated":true}]}}