{"id":12032,"date":"2021-01-12T13:53:10","date_gmt":"2021-01-12T13:53:10","guid":{"rendered":"https:\/\/oparanews.com.br\/?p=12032"},"modified":"2021-01-12T13:53:10","modified_gmt":"2021-01-12T13:53:10","slug":"penedo-registra-1-851-casos-do-novo-coronavirus","status":"publish","type":"post","link":"https:\/\/www.oparanews.com.br\/index.php\/2021\/01\/12\/penedo-registra-1-851-casos-do-novo-coronavirus\/","title":{"rendered":"Penedo registra 1.851 casos do novo Coronav\u00edrus"},"content":{"rendered":"<p>A Secretaria Municipal de Sa\u00fade de Penedo divulgou o Boletim Epidemiol\u00f3gico Covid-19 dessa segunda-feira (11).<\/p>\n<p>Os dados presentes no boletim tamb\u00e9m mostram que 1851 pessoas foram infectadas na cidade desde o inicio da pandemia. Desse total, 1639 j\u00e1 est\u00e3o curadas da doen\u00e7a, ap\u00f3s passarem pelo per\u00edodo de recupera\u00e7\u00e3o.<\/p>\n<p>O boletim epidemiol\u00f3gico atualizado tamb\u00e9m mostra que 79 pessoas est\u00e3o sendo monitoradas, tr\u00eas casos s\u00e3o considerados suspeitos e 1673 casos foram descartados.<\/p>\n<p>Em todos o Estado de Alagoas os casos confirmados j\u00e1 somam 108.820 contaminados, com 2569 \u00f3bitos e 103.446 pessoas recuperadas.<\/p>\n<p>A Prefeitura de Penedo informa tamb\u00e9m que a Unidade de S\u00edndromes Gripais localizada na Avenida Wanderlei, nas proximidades do trevo da \u201cToca do \u00cdndio\u201d, est\u00e1 funcionando de Segunda a Sexta-feira das 7h \u00e0s 17h. Devendo a popula\u00e7\u00e3o procurar o centro especializado ao sentirem os primeiros sintomas de Covid-19.<\/p>\n<p><strong>Localidades<\/strong><\/p>\n<p>Os n\u00fameros de casos por localidade, apontam que a maior quantidade de casos continua localizada no Bairro Dom Constantino com 582, seguindo pelo Bairro Santa Luzia com 320 e o Centro da cidade com 274<\/p>\n<p>Na zona rural a Cooperativa, \u00e1rea que inclui os dois n\u00facleos do povoado \u00e9 a localidade com maior numero de infectados com 54, estando em seguida o Povoado Tabuleiro dos Negros com 47 casos.<\/p>\n<p>&nbsp;<\/p>\n<p><strong>Fonte: Decom &#8211; PMP<\/strong><\/p>\n<p>&nbsp;<\/p>\n","protected":false},"excerpt":{"rendered":"<p>A Secretaria Municipal de Sa\u00fade de Penedo divulgou o Boletim Epidemiol\u00f3gico Covid-19 dessa segunda-feira (11). Os dados presentes no boletim tamb\u00e9m mostram que 1851 pessoas foram infectadas na cidade desde o inicio da pandemia. Desse total, 1639 j\u00e1 est\u00e3o curadas da doen\u00e7a, ap\u00f3s passarem pelo per\u00edodo de recupera\u00e7\u00e3o. O boletim epidemiol\u00f3gico atualizado tamb\u00e9m mostra que &hellip;<\/p>\n","protected":false},"author":1,"featured_media":12033,"comment_status":"closed","ping_status":"closed","sticky":false,"template":"","format":"standard","meta":{"_jetpack_newsletter_access":"","_jetpack_dont_email_post_to_subs":false,"_jetpack_newsletter_tier_id":0,"_jetpack_memberships_contains_paywalled_content":false,"_jetpack_memberships_contains_paid_content":false,"footnotes":""},"categories":[1],"tags":[],"class_list":["post-12032","post","type-post","status-publish","format-standard","has-post-thumbnail","hentry","category-destaque"],"jetpack_sharing_enabled":true,"jetpack_featured_media_url":"","_links":{"self":[{"href":"https:\/\/www.oparanews.com.br\/index.php\/wp-json\/wp\/v2\/posts\/12032","targetHints":{"allow":["GET"]}}],"collection":[{"href":"https:\/\/www.oparanews.com.br\/index.php\/wp-json\/wp\/v2\/posts"}],"about":[{"href":"https:\/\/www.oparanews.com.br\/index.php\/wp-json\/wp\/v2\/types\/post"}],"author":[{"embeddable":true,"href":"https:\/\/www.oparanews.com.br\/index.php\/wp-json\/wp\/v2\/users\/1"}],"replies":[{"embeddable":true,"href":"https:\/\/www.oparanews.com.br\/index.php\/wp-json\/wp\/v2\/comments?post=12032"}],"version-history":[{"count":0,"href":"https:\/\/www.oparanews.com.br\/index.php\/wp-json\/wp\/v2\/posts\/12032\/revisions"}],"wp:attachment":[{"href":"https:\/\/www.oparanews.com.br\/index.php\/wp-json\/wp\/v2\/media?parent=12032"}],"wp:term":[{"taxonomy":"category","embeddable":true,"href":"https:\/\/www.oparanews.com.br\/index.php\/wp-json\/wp\/v2\/categories?post=12032"},{"taxonomy":"post_tag","embeddable":true,"href":"https:\/\/www.oparanews.com.br\/index.php\/wp-json\/wp\/v2\/tags?post=12032"}],"curies":[{"name":"wp","href":"https:\/\/api.w.org\/{rel}","templated":true}]}}