{"id":12041,"date":"2021-01-12T18:33:12","date_gmt":"2021-01-12T18:33:12","guid":{"rendered":"https:\/\/oparanews.com.br\/?p=12041"},"modified":"2021-01-12T18:33:12","modified_gmt":"2021-01-12T18:33:12","slug":"fla-vive-racha-diego-ribas-de-um-lado-gabigol-de-outro","status":"publish","type":"post","link":"https:\/\/www.oparanews.com.br\/index.php\/2021\/01\/12\/fla-vive-racha-diego-ribas-de-um-lado-gabigol-de-outro\/","title":{"rendered":"Fla vive racha: Diego Ribas de um lado, Gabigol, de outro"},"content":{"rendered":"<p>Manter o t\u00e9cnico Rog\u00e9rio Ceni no momento \u00e9 uma decis\u00e3o da diretoria do Flamengo que sinaliza algo mais. A c\u00fapula do clube j\u00e1 teria detectado que a fase irregular do time n\u00e3o tem a ver s\u00f3 com erros de escala\u00e7\u00e3o, substitui\u00e7\u00f5es equivocadas e a falta de padr\u00e3o de jogo, al\u00e9m da queda vis\u00edvel de rendimento de alguns dos principais titulares. As evid\u00eancias mostrariam que h\u00e1 um problema maior por tr\u00e1s disso tudo: um racha no elenco.<\/p>\n<p>O grupo estaria com duas correntes em rota de colis\u00e3o \u2013 de um lado, Diego Ribas, Filipe Lu\u00eds, o goleiro Diego Alves, Rodrigo Caio e Willian Ar\u00e3o; do outro, Gabigol, Bruno Henrique, Gerson e alguns dos mais jovens.<\/p>\n<p>A turma mais experiente, liderada por Diego Ribas, \u00e9 a que tem mais \u201centrosamento\u201d com Rog\u00e9rio Ceni e tenta poup\u00e1-lo das cr\u00edticas pelo desempenho ruim do time nas \u00faltimas rodadas do Brasileiro. Ap\u00f3s a partida contra o Cear\u00e1 (2 a 0, no domingo, no Maracan\u00e3), Diego se apressou em vir a p\u00fablico para cobrar mais dos jogadores e deixar claro que a cruz n\u00e3o poderia apontar apenas para Ceni.<\/p>\n<p>Isso se deu no mesmo dia em que Gabigol fez quest\u00e3o de exibir sua contrariedade por ter sido barrado por Pedro e ter ficado por 70 minutos no banco de reservas. Para o atacante e seus parceiros, haveria um desconforto crescente com o trabalho do treinador, que, na semana passada, n\u00e3o pensou duas vezes ao transferir para os atletas a maior parcel ade culpa pelos fracassos recentes do Flamengo.<\/p>\n<p>&nbsp;<\/p>\n<p><strong>Fonte: Terra<\/strong><\/p>\n<p>&nbsp;<\/p>\n","protected":false},"excerpt":{"rendered":"<p>Manter o t\u00e9cnico Rog\u00e9rio Ceni no momento \u00e9 uma decis\u00e3o da diretoria do Flamengo que sinaliza algo mais. A c\u00fapula do clube j\u00e1 teria detectado que a fase irregular do time n\u00e3o tem a ver s\u00f3 com erros de escala\u00e7\u00e3o, substitui\u00e7\u00f5es equivocadas e a falta de padr\u00e3o de jogo, al\u00e9m da queda vis\u00edvel de rendimento &hellip;<\/p>\n","protected":false},"author":1,"featured_media":12042,"comment_status":"closed","ping_status":"closed","sticky":false,"template":"","format":"standard","meta":{"_jetpack_newsletter_access":"","_jetpack_dont_email_post_to_subs":false,"_jetpack_newsletter_tier_id":0,"_jetpack_memberships_contains_paywalled_content":false,"_jetpack_memberships_contains_paid_content":false,"footnotes":""},"categories":[1],"tags":[],"class_list":["post-12041","post","type-post","status-publish","format-standard","has-post-thumbnail","hentry","category-destaque"],"jetpack_sharing_enabled":true,"jetpack_featured_media_url":"","_links":{"self":[{"href":"https:\/\/www.oparanews.com.br\/index.php\/wp-json\/wp\/v2\/posts\/12041","targetHints":{"allow":["GET"]}}],"collection":[{"href":"https:\/\/www.oparanews.com.br\/index.php\/wp-json\/wp\/v2\/posts"}],"about":[{"href":"https:\/\/www.oparanews.com.br\/index.php\/wp-json\/wp\/v2\/types\/post"}],"author":[{"embeddable":true,"href":"https:\/\/www.oparanews.com.br\/index.php\/wp-json\/wp\/v2\/users\/1"}],"replies":[{"embeddable":true,"href":"https:\/\/www.oparanews.com.br\/index.php\/wp-json\/wp\/v2\/comments?post=12041"}],"version-history":[{"count":0,"href":"https:\/\/www.oparanews.com.br\/index.php\/wp-json\/wp\/v2\/posts\/12041\/revisions"}],"wp:attachment":[{"href":"https:\/\/www.oparanews.com.br\/index.php\/wp-json\/wp\/v2\/media?parent=12041"}],"wp:term":[{"taxonomy":"category","embeddable":true,"href":"https:\/\/www.oparanews.com.br\/index.php\/wp-json\/wp\/v2\/categories?post=12041"},{"taxonomy":"post_tag","embeddable":true,"href":"https:\/\/www.oparanews.com.br\/index.php\/wp-json\/wp\/v2\/tags?post=12041"}],"curies":[{"name":"wp","href":"https:\/\/api.w.org\/{rel}","templated":true}]}}