{"id":12044,"date":"2021-01-12T18:37:32","date_gmt":"2021-01-12T18:37:32","guid":{"rendered":"https:\/\/oparanews.com.br\/?p=12044"},"modified":"2021-01-12T18:37:32","modified_gmt":"2021-01-12T18:37:32","slug":"policial-civil-fica-ferido-e-tres-suspeitos-morrem-em-confronto-com-a-policia","status":"publish","type":"post","link":"https:\/\/www.oparanews.com.br\/index.php\/2021\/01\/12\/policial-civil-fica-ferido-e-tres-suspeitos-morrem-em-confronto-com-a-policia\/","title":{"rendered":"Policial civil fica ferido e tr\u00eas suspeitos morrem em confronto com a pol\u00edcia"},"content":{"rendered":"<p>Um policial civil ficou ferido e tr\u00eas suspeitos morreram ap\u00f3s troca de tiros em uma pousada localizada no bairro do Trapiche da Barra, em Macei\u00f3, na noite dessa segunda-feira (11). N\u00e3o h\u00e1 informa\u00e7\u00f5es sobre o que teria causado o confronto.<\/p>\n<p>De acordo com o relat\u00f3rio do Centro Integrado de Opera\u00e7\u00f5es da Seguran\u00e7a P\u00fablica (Ciosp), uma equipe da Divis\u00e3o Especial de Investiga\u00e7\u00e3o e Capturas (Deic) trocou tiros com os suspeitos, quando o policial foi atingido por dois tiros, um na perna e um de rasp\u00e3o na cabe\u00e7a.<\/p>\n<p>Os suspeitos foram identificados como Maria Daniela da Concei\u00e7\u00e3o de Oliveira, 23; Grisiane de Moraes Santos, 31; e Sebasti\u00e3o de Abreu Farias, 46. Durante o confronto, eles ficaram feridos e foram socorridos para o Hospital Geral do Estado (HGE), mas n\u00e3o resistiram aos ferimentos e morreram.<\/p>\n<p>O policial tamb\u00e9m foi levado para o HGE. O quadro de sa\u00fade dele \u00e9 est\u00e1vel.<\/p>\n<p>&nbsp;<\/p>\n<p><strong>Fonte: G1\/AL<\/strong><\/p>\n<p>&nbsp;<\/p>\n","protected":false},"excerpt":{"rendered":"<p>Um policial civil ficou ferido e tr\u00eas suspeitos morreram ap\u00f3s troca de tiros em uma pousada localizada no bairro do Trapiche da Barra, em Macei\u00f3, na noite dessa segunda-feira (11). N\u00e3o h\u00e1 informa\u00e7\u00f5es sobre o que teria causado o confronto. De acordo com o relat\u00f3rio do Centro Integrado de Opera\u00e7\u00f5es da Seguran\u00e7a P\u00fablica (Ciosp), uma &hellip;<\/p>\n","protected":false},"author":1,"featured_media":12045,"comment_status":"closed","ping_status":"closed","sticky":false,"template":"","format":"standard","meta":{"_jetpack_newsletter_access":"","_jetpack_dont_email_post_to_subs":false,"_jetpack_newsletter_tier_id":0,"_jetpack_memberships_contains_paywalled_content":false,"_jetpack_memberships_contains_paid_content":false,"footnotes":""},"categories":[1],"tags":[],"class_list":["post-12044","post","type-post","status-publish","format-standard","has-post-thumbnail","hentry","category-destaque"],"jetpack_sharing_enabled":true,"jetpack_featured_media_url":"","_links":{"self":[{"href":"https:\/\/www.oparanews.com.br\/index.php\/wp-json\/wp\/v2\/posts\/12044","targetHints":{"allow":["GET"]}}],"collection":[{"href":"https:\/\/www.oparanews.com.br\/index.php\/wp-json\/wp\/v2\/posts"}],"about":[{"href":"https:\/\/www.oparanews.com.br\/index.php\/wp-json\/wp\/v2\/types\/post"}],"author":[{"embeddable":true,"href":"https:\/\/www.oparanews.com.br\/index.php\/wp-json\/wp\/v2\/users\/1"}],"replies":[{"embeddable":true,"href":"https:\/\/www.oparanews.com.br\/index.php\/wp-json\/wp\/v2\/comments?post=12044"}],"version-history":[{"count":0,"href":"https:\/\/www.oparanews.com.br\/index.php\/wp-json\/wp\/v2\/posts\/12044\/revisions"}],"wp:attachment":[{"href":"https:\/\/www.oparanews.com.br\/index.php\/wp-json\/wp\/v2\/media?parent=12044"}],"wp:term":[{"taxonomy":"category","embeddable":true,"href":"https:\/\/www.oparanews.com.br\/index.php\/wp-json\/wp\/v2\/categories?post=12044"},{"taxonomy":"post_tag","embeddable":true,"href":"https:\/\/www.oparanews.com.br\/index.php\/wp-json\/wp\/v2\/tags?post=12044"}],"curies":[{"name":"wp","href":"https:\/\/api.w.org\/{rel}","templated":true}]}}