{"id":12047,"date":"2021-01-12T19:04:59","date_gmt":"2021-01-12T19:04:59","guid":{"rendered":"https:\/\/oparanews.com.br\/?p=12047"},"modified":"2021-01-12T19:04:59","modified_gmt":"2021-01-12T19:04:59","slug":"janeiro-branco-prefeitura-de-penedo-orienta-sobre-saude-mental","status":"publish","type":"post","link":"https:\/\/www.oparanews.com.br\/index.php\/2021\/01\/12\/janeiro-branco-prefeitura-de-penedo-orienta-sobre-saude-mental\/","title":{"rendered":"Prefeitura de Penedo orienta sobre sa\u00fade mental"},"content":{"rendered":"<p>O m\u00eas de janeiro \u00e9 dedicado \u00e0 sa\u00fade mental em todo o Brasil, trabalho desenvolvido no munic\u00edpio pela Prefeitura de Penedo, por meio da Secretaria Municipal de Desenvolvimento Social e Habita\u00e7\u00e3o (SEMDSH).<\/p>\n<p>A psic\u00f3loga Valeska Luz explica a necessidade de cuidar da sa\u00fade mental e quest\u00f5es que muitas vezes passam despercebidas e fundamentais para sua compreens\u00e3o.<\/p>\n<p>\u201cA ideia de sa\u00fade mental, como aus\u00eancia de doen\u00e7a, \u00e9 totalmente equivocada, pois o in\u00edcio desta passa por um processo muito extenso, em que muitas vezes a pessoa aparenta estar saud\u00e1vel. Por isso, precisamos combater o preconceito culturalmente enraizado na sociedade sobre a procura por orienta\u00e7\u00e3o psicol\u00f3gica e atendimento psiqui\u00e1trico\u201d, explica Valeska Luz.<\/p>\n<p>De acordo com Valeska Luz, a cor branca foi escolhida por simbolizar as festividades de r\u00e9veillon e tamb\u00e9m por representar o ano que se inicia, uma verdadeira p\u00e1gina em branco, para o despertar da consci\u00eancia pessoal e o come\u00e7o de um planejamento de mudan\u00e7a de vida.<\/p>\n<p>A psic\u00f3loga enfatiza que no mundo atual as pessoas deixaram de viver naturalmente os processos ligados a dor e ao luto, passando por cima disso, sendo imprescind\u00edvel o entendimento de como se deve lidar com os desafios das perdas.<\/p>\n<p><strong>Virtual X Real<\/strong><\/p>\n<p>\u201cDuas quest\u00f5es s\u00e3o importantes para entender os desafios da sa\u00fade mental atualmente: o Imperativo da felicidade, onde nas redes sociais todo mundo \u00e9 magro e rico, atingindo principalmente os adolescentes, que confundem o virtual com o real, sendo importante tratar as dores para que isso n\u00e3o se acumule. O outro ponto \u00e9 a cronifica\u00e7\u00e3o da tristeza, na qual as pessoas n\u00e3o entendem o que \u00e9 depress\u00e3o, seus sintomas e riscos, qualificando pequenas tristezas, importante de ser vivida como depress\u00e3o\u201d.<\/p>\n<p><strong>Auto-conhecimento<\/strong><\/p>\n<p>A psic\u00f3loga Valeska Luz explica ainda que o que \u00e9 entendido como depress\u00e3o pela sociedade, na verdade trata-se de TDM- Transtorno Depressivo Maior, que quando atinge o seu quadro de maior gravidade produz sintomas como: n\u00e3o querer levantar da cama, n\u00e3o tomar banho e tamb\u00e9m descuidar totalmente da apar\u00eancia, podendo culminar no total descuido e desinteresse pela vida.<\/p>\n<p>Por isso ela enfatiza a import\u00e2ncia do auto-conhecimento como forma de preven\u00e7\u00e3o, sendo necess\u00e1rio ao indiv\u00edduo se conhecer e vivenciar os seus processos de dor e frustra\u00e7\u00e3o.<\/p>\n<p>\u201c A TDM come\u00e7a com um des\u00e2nimo, no qual a pessoa faz suas atividades, por\u00e9m sem a mesma vontade, podendo evoluir at\u00e9 um desleixo total, o qual se traduz como o completo abandono das atividades habituais. Ningu\u00e9m fica mal de uma hora para outra, todas essas quest\u00f5es fazem parte da defini\u00e7\u00e3o de sa\u00fade mental, por isso \u00e9 importante pensarmos qual o sentido de nossa exist\u00eancia\u201d, finalizou.<\/p>\n<p><strong>Nutri\u00e7\u00e3o<\/strong><\/p>\n<p>Outro ponto fundamental ligado ao tema refere-se a \u00e1rea de nutri\u00e7\u00e3o, como o consumo de alimentos saud\u00e1veis aliado ao atendimento psicol\u00f3gico e psiqui\u00e1trico colabora para tratamento da depress\u00e3o e ansiedades, podendo at\u00e9 mesmo evita-las.<\/p>\n<p>A nutricionista Paula Borges, explica como a nutri\u00e7\u00e3o est\u00e1 diretamente ligada \u00e0 sa\u00fade mental. \u201cO bom equil\u00edbrio de nutrientes como minerais, amino\u00e1cidos essenciais e \u00e1cidos graxos, pode reduzir a probabilidade de doen\u00e7as mentais, de 20 a 30%\u201d, informa a profissional da SEMDESH Penedo,<\/p>\n<p>Esses nutrientes s\u00e3o encontrados em alimentos como frutas, verduras e legumes, e tamb\u00e9m em \u00f3leos como azeite de oliva e \u00f3leo de c\u00f4co.<\/p>\n<p>\u201cAs microbact\u00e9rias existentes no intestino est\u00e3o totalmente ligadas \u00e0s quest\u00f5es de sa\u00fade mental. Para que isso ocorra de forma positiva, \u00e9 necess\u00e1rio o consumo de vitaminas, boa ingest\u00e3o h\u00eddrica, controle do a\u00e7\u00facar e tamb\u00e9m a diminui\u00e7\u00e3o do consumo de alimentos embutidos\u201d, explica Paula Borges.<\/p>\n<p><iframe loading=\"lazy\" title=\"Janeiro Branco, Prefeitura de Penedo Orienta Sobre Sa\u00fade Mental\" width=\"500\" height=\"281\" src=\"https:\/\/www.youtube.com\/embed\/pD6VJokvzb4?feature=oembed\" frameborder=\"0\" allow=\"accelerometer; autoplay; clipboard-write; encrypted-media; gyroscope; picture-in-picture; web-share\" referrerpolicy=\"strict-origin-when-cross-origin\" allowfullscreen><\/iframe><\/p>\n<p>&nbsp;<\/p>\n<p>&nbsp;<\/p>\n<p><strong>por Thiago Sobral &#8211; Decom (PMP)<\/strong><br \/>\n<strong>V\u00eddeo: Ricardo Alves &#8211; Decom (PMP)<\/strong><\/p>\n<p>&nbsp;<\/p>\n","protected":false},"excerpt":{"rendered":"<p>O m\u00eas de janeiro \u00e9 dedicado \u00e0 sa\u00fade mental em todo o Brasil, trabalho desenvolvido no munic\u00edpio pela Prefeitura de Penedo, por meio da Secretaria Municipal de Desenvolvimento Social e Habita\u00e7\u00e3o (SEMDSH). A psic\u00f3loga Valeska Luz explica a necessidade de cuidar da sa\u00fade mental e quest\u00f5es que muitas vezes passam despercebidas e fundamentais para sua &hellip;<\/p>\n","protected":false},"author":1,"featured_media":12049,"comment_status":"closed","ping_status":"closed","sticky":false,"template":"","format":"standard","meta":{"_jetpack_newsletter_access":"","_jetpack_dont_email_post_to_subs":false,"_jetpack_newsletter_tier_id":0,"_jetpack_memberships_contains_paywalled_content":false,"_jetpack_memberships_contains_paid_content":false,"footnotes":""},"categories":[1],"tags":[],"class_list":["post-12047","post","type-post","status-publish","format-standard","has-post-thumbnail","hentry","category-destaque"],"jetpack_sharing_enabled":true,"jetpack_featured_media_url":"","_links":{"self":[{"href":"https:\/\/www.oparanews.com.br\/index.php\/wp-json\/wp\/v2\/posts\/12047","targetHints":{"allow":["GET"]}}],"collection":[{"href":"https:\/\/www.oparanews.com.br\/index.php\/wp-json\/wp\/v2\/posts"}],"about":[{"href":"https:\/\/www.oparanews.com.br\/index.php\/wp-json\/wp\/v2\/types\/post"}],"author":[{"embeddable":true,"href":"https:\/\/www.oparanews.com.br\/index.php\/wp-json\/wp\/v2\/users\/1"}],"replies":[{"embeddable":true,"href":"https:\/\/www.oparanews.com.br\/index.php\/wp-json\/wp\/v2\/comments?post=12047"}],"version-history":[{"count":0,"href":"https:\/\/www.oparanews.com.br\/index.php\/wp-json\/wp\/v2\/posts\/12047\/revisions"}],"wp:attachment":[{"href":"https:\/\/www.oparanews.com.br\/index.php\/wp-json\/wp\/v2\/media?parent=12047"}],"wp:term":[{"taxonomy":"category","embeddable":true,"href":"https:\/\/www.oparanews.com.br\/index.php\/wp-json\/wp\/v2\/categories?post=12047"},{"taxonomy":"post_tag","embeddable":true,"href":"https:\/\/www.oparanews.com.br\/index.php\/wp-json\/wp\/v2\/tags?post=12047"}],"curies":[{"name":"wp","href":"https:\/\/api.w.org\/{rel}","templated":true}]}}