{"id":12052,"date":"2021-01-12T19:11:37","date_gmt":"2021-01-12T19:11:37","guid":{"rendered":"https:\/\/oparanews.com.br\/?p=12052"},"modified":"2021-01-12T19:11:37","modified_gmt":"2021-01-12T19:11:37","slug":"ministro-da-educacao-afirma-que-datas-do-enem-estao-mantidas","status":"publish","type":"post","link":"https:\/\/www.oparanews.com.br\/index.php\/2021\/01\/12\/ministro-da-educacao-afirma-que-datas-do-enem-estao-mantidas\/","title":{"rendered":"Ministro afirma que datas do Enem est\u00e3o mantidas"},"content":{"rendered":"<p>O ministro da Educa\u00e7\u00e3o, Milton Ribeiro, afirmou nesta ter\u00e7a-feira, 12, que o Exame Nacional do Ensino M\u00e9dio (Enem) n\u00e3o ser\u00e1 novamente adiado.<\/p>\n<p>A edi\u00e7\u00e3o de 2020 do Enem foi adiada em raz\u00e3o da pandemia e as provas da vers\u00e3o impressa acabaram remarcadas para 17 e 24 de janeiro e da vers\u00e3o digital para 31 de janeiro e 7 de fevereiro. Apesar da mudan\u00e7a na data, h\u00e1 discuss\u00f5es sobre a pertin\u00eancia de se manter o exame, tanto por conta dos riscos de contamina\u00e7\u00e3o quanto pelo fato de alunos terem ficado sem aulas uma parte do ano.<\/p>\n<p>Em entrevista \u00e0 CNN, Ribeiro garantiu que todos as medidas de seguran\u00e7a contra a covid-19 est\u00e3o sendo tomados para proteger estudantes e funcion\u00e1rios durante a aplica\u00e7\u00e3o das provas.<\/p>\n<p>&#8220;N\u00e3o vamos adiar o Enem. Primeiro porque tomamos todos os cuidados de biosseguran\u00e7a poss\u00edveis. Queremos dar tranquilidade para voc\u00ea que vai fazer a prova, assim como aconteceu no (\u00faltimo) domingo, em menor propor\u00e7\u00e3o, claro, no exame da Fuvest&#8221;, disse o ministro.<\/p>\n<p>Ribeiro citou um trecho da B\u00edblia e afirmou que &#8220;a esperan\u00e7a que se adia adoece o cora\u00e7\u00e3o&#8221; e que o governo n\u00e3o pode fazer isso com as expectativas dos estudantes. Ainda segundo ele, uma minoria quer o adiamento das provas. &#8220;Uma minoria, barulhenta, mas minoria.&#8221;<\/p>\n<p>O ministro tamb\u00e9m lamentou a morte do chefe da diretoria do Instituto Nacional de Estudos e Pesquisas Educacionais (Inep) e respons\u00e1vel pela elabora\u00e7\u00e3o do Enem, o general da reserva Carlos Roberto Pinto de Souza, que morreu na segunda-feira, 11, aos 59 anos, ap\u00f3s complica\u00e7\u00f5es causadas pela covid-19.<\/p>\n<p>&#8220;Era uma pessoa muito dedicada, muito querida por todos n\u00f3s. Ele estava internado h\u00e1 alguns dias e registramos isso com pesar. Quero registrar a morte de outro educador, o Ant\u00f4nio Veronezi, muito amigo meu, muito dedicado, que faleceu de covid-19. Mas a vida continua, n\u00e3o podemos parar. Temos que seguir em frente&#8221;, disse Ribeiro durante a entrevista \u00e0 CNN.<\/p>\n<p>Sobre a volta \u00e0s aulas, o ministro afirma que diferentemente das crian\u00e7as, que exigem mais cuidados, os jovens sabem se proteger do novo coronav\u00edrus.<\/p>\n<p>&#8220;A crian\u00e7a, o retorno dela, tem que ser mais cuidadoso porque ela n\u00e3o tem tanto ju\u00edzo, em tese, e quer abra\u00e7ar o amiguinho, dividir o lanche. A crian\u00e7a precisa ser mais monitorada. J\u00e1 o jovem tem no\u00e7\u00e3o de distanciamento social, do que deve fazer, dos cuidados que deve ter para evitar a dissemina\u00e7\u00e3o da pandemia&#8221;, disse Ribeiro.<\/p>\n<p>&nbsp;<\/p>\n<p><strong>Fonte: Terra<\/strong><\/p>\n<p>&nbsp;<\/p>\n","protected":false},"excerpt":{"rendered":"<p>O ministro da Educa\u00e7\u00e3o, Milton Ribeiro, afirmou nesta ter\u00e7a-feira, 12, que o Exame Nacional do Ensino M\u00e9dio (Enem) n\u00e3o ser\u00e1 novamente adiado. A edi\u00e7\u00e3o de 2020 do Enem foi adiada em raz\u00e3o da pandemia e as provas da vers\u00e3o impressa acabaram remarcadas para 17 e 24 de janeiro e da vers\u00e3o digital para 31 de &hellip;<\/p>\n","protected":false},"author":1,"featured_media":12053,"comment_status":"closed","ping_status":"closed","sticky":false,"template":"","format":"standard","meta":{"_jetpack_newsletter_access":"","_jetpack_dont_email_post_to_subs":false,"_jetpack_newsletter_tier_id":0,"_jetpack_memberships_contains_paywalled_content":false,"_jetpack_memberships_contains_paid_content":false,"footnotes":""},"categories":[1],"tags":[],"class_list":["post-12052","post","type-post","status-publish","format-standard","has-post-thumbnail","hentry","category-destaque"],"jetpack_sharing_enabled":true,"jetpack_featured_media_url":"","_links":{"self":[{"href":"https:\/\/www.oparanews.com.br\/index.php\/wp-json\/wp\/v2\/posts\/12052","targetHints":{"allow":["GET"]}}],"collection":[{"href":"https:\/\/www.oparanews.com.br\/index.php\/wp-json\/wp\/v2\/posts"}],"about":[{"href":"https:\/\/www.oparanews.com.br\/index.php\/wp-json\/wp\/v2\/types\/post"}],"author":[{"embeddable":true,"href":"https:\/\/www.oparanews.com.br\/index.php\/wp-json\/wp\/v2\/users\/1"}],"replies":[{"embeddable":true,"href":"https:\/\/www.oparanews.com.br\/index.php\/wp-json\/wp\/v2\/comments?post=12052"}],"version-history":[{"count":0,"href":"https:\/\/www.oparanews.com.br\/index.php\/wp-json\/wp\/v2\/posts\/12052\/revisions"}],"wp:attachment":[{"href":"https:\/\/www.oparanews.com.br\/index.php\/wp-json\/wp\/v2\/media?parent=12052"}],"wp:term":[{"taxonomy":"category","embeddable":true,"href":"https:\/\/www.oparanews.com.br\/index.php\/wp-json\/wp\/v2\/categories?post=12052"},{"taxonomy":"post_tag","embeddable":true,"href":"https:\/\/www.oparanews.com.br\/index.php\/wp-json\/wp\/v2\/tags?post=12052"}],"curies":[{"name":"wp","href":"https:\/\/api.w.org\/{rel}","templated":true}]}}