{"id":12056,"date":"2021-01-13T13:17:04","date_gmt":"2021-01-13T13:17:04","guid":{"rendered":"https:\/\/oparanews.com.br\/?p=12056"},"modified":"2021-01-13T13:17:04","modified_gmt":"2021-01-13T13:17:04","slug":"agressor-de-henri-castelli-diz-a-policia-que-revidou-ataque-do-ator","status":"publish","type":"post","link":"https:\/\/www.oparanews.com.br\/index.php\/2021\/01\/13\/agressor-de-henri-castelli-diz-a-policia-que-revidou-ataque-do-ator\/","title":{"rendered":"Agressor de Henri Castelli diz \u00e0 pol\u00edcia que revidou ataque do ator"},"content":{"rendered":"<p>O delegado Fabr\u00edcio Nascimento, da Pol\u00edcia Civil de Alagoas, informou ao G1 na tarde desta ter\u00e7a-feira (12) que o homem apontado como agressor do ator Henri Castelli contou em depoimento que revidou uma agress\u00e3o de Henri.<\/p>\n<p>Segundo depoimentos dos envolvidos, a confus\u00e3o teria come\u00e7ado entre Henri Castelli e o dono de uma casa de show. Durante a discuss\u00e3o, o ator tentou agredir o empres\u00e1rio, mas atingiu um amigo dele, que revidou.<\/p>\n<p>&#8220;A confus\u00e3o teria come\u00e7ado entre Henri e o dono da casa de show, mas a pessoa que o agrediu \u00e9 um amigo do dono da casa de show que estava do lado no momento. Segundo ele [o que agrediu Castelli], na confus\u00e3o, o ator teria tentando agredir o empres\u00e1rio e acabou por atingi-lo. Ent\u00e3o, o agressor teria revidado&#8221;, disse Fabr\u00edcio Nascimento.<\/p>\n<p>O ator e os envolvidos contaram vers\u00f5es diferentes \u00e0 pol\u00edcia sobre o motivo da briga.<\/p>\n<p>&#8220;Henri disse que n\u00e3o teria motivo, n\u00e3o sabe o porqu\u00ea. O outro lado disse que o ator falou mal da casa de show para o propriet\u00e1rio, o que gerou uma discuss\u00e3o inicial entre eles. O ator teria ido para essa casa de show e depois para a marina [na Barra de S\u00e3o Miguel]. L\u00e1, encontrou o dono da casa de show, que teria lhe dado cortesia, e que quando o dono da casa de show perguntou se ele teria gostado, ele teria dito que n\u00e3o e teria falado muito mal do show&#8221;, disse o delegado.<\/p>\n<p>O delegado informou que n\u00e3o pode divulgar os nomes dos envolvidos. Sobre o Boletim de Ocorr\u00eancia que foi divulgado nas redes sociais, ele explicou que nem todos os nomes que aparecem s\u00e3o de pessoas que estavam envolvidas na briga e por isso, ainda n\u00e3o pode acus\u00e1-las.<\/p>\n<p>&#8220;Das pessoas citadas naquela oitiva, nem todos est\u00e3o envolvidos. Alguns aparentemente apenas estavam no local. N\u00e3o d\u00e1 para acus\u00e1-los ainda. Outras testemunhas j\u00e1 foram ouvidas&#8221;.<\/p>\n<p>O inqu\u00e9rito est\u00e1 em fase de conclus\u00e3o e vai ser encaminhado \u00e0 Justi\u00e7a nos pr\u00f3ximos 15 dias. Os autores da agress\u00e3o devem ser indiciados pelo crime de les\u00e3o corporal.<\/p>\n<p>&nbsp;<\/p>\n<p><strong>Fonte: G1\/AL<\/strong><\/p>\n<p>&nbsp;<\/p>\n","protected":false},"excerpt":{"rendered":"<p>O delegado Fabr\u00edcio Nascimento, da Pol\u00edcia Civil de Alagoas, informou ao G1 na tarde desta ter\u00e7a-feira (12) que o homem apontado como agressor do ator Henri Castelli contou em depoimento que revidou uma agress\u00e3o de Henri. Segundo depoimentos dos envolvidos, a confus\u00e3o teria come\u00e7ado entre Henri Castelli e o dono de uma casa de show. &hellip;<\/p>\n","protected":false},"author":1,"featured_media":12057,"comment_status":"closed","ping_status":"closed","sticky":false,"template":"","format":"standard","meta":{"_jetpack_newsletter_access":"","_jetpack_dont_email_post_to_subs":false,"_jetpack_newsletter_tier_id":0,"_jetpack_memberships_contains_paywalled_content":false,"_jetpack_memberships_contains_paid_content":false,"footnotes":""},"categories":[1],"tags":[],"class_list":["post-12056","post","type-post","status-publish","format-standard","has-post-thumbnail","hentry","category-destaque"],"jetpack_sharing_enabled":true,"jetpack_featured_media_url":"","_links":{"self":[{"href":"https:\/\/www.oparanews.com.br\/index.php\/wp-json\/wp\/v2\/posts\/12056","targetHints":{"allow":["GET"]}}],"collection":[{"href":"https:\/\/www.oparanews.com.br\/index.php\/wp-json\/wp\/v2\/posts"}],"about":[{"href":"https:\/\/www.oparanews.com.br\/index.php\/wp-json\/wp\/v2\/types\/post"}],"author":[{"embeddable":true,"href":"https:\/\/www.oparanews.com.br\/index.php\/wp-json\/wp\/v2\/users\/1"}],"replies":[{"embeddable":true,"href":"https:\/\/www.oparanews.com.br\/index.php\/wp-json\/wp\/v2\/comments?post=12056"}],"version-history":[{"count":0,"href":"https:\/\/www.oparanews.com.br\/index.php\/wp-json\/wp\/v2\/posts\/12056\/revisions"}],"wp:attachment":[{"href":"https:\/\/www.oparanews.com.br\/index.php\/wp-json\/wp\/v2\/media?parent=12056"}],"wp:term":[{"taxonomy":"category","embeddable":true,"href":"https:\/\/www.oparanews.com.br\/index.php\/wp-json\/wp\/v2\/categories?post=12056"},{"taxonomy":"post_tag","embeddable":true,"href":"https:\/\/www.oparanews.com.br\/index.php\/wp-json\/wp\/v2\/tags?post=12056"}],"curies":[{"name":"wp","href":"https:\/\/api.w.org\/{rel}","templated":true}]}}