{"id":12067,"date":"2021-01-13T13:32:37","date_gmt":"2021-01-13T13:32:37","guid":{"rendered":"https:\/\/oparanews.com.br\/?p=12067"},"modified":"2021-01-13T13:32:37","modified_gmt":"2021-01-13T13:32:37","slug":"parana-bate-o-csa-por-2-a-0-e-embola-disputa-pelo-g-4","status":"publish","type":"post","link":"https:\/\/www.oparanews.com.br\/index.php\/2021\/01\/13\/parana-bate-o-csa-por-2-a-0-e-embola-disputa-pelo-g-4\/","title":{"rendered":"Paran\u00e1 bate o CSA por 2 a 0 e embola disputa pelo G-4"},"content":{"rendered":"<p>A noite desta ter\u00e7a (12) n\u00e3o foi boa para o CSA. O time marujo foi derrotado pelo Paran\u00e1 na Vila Capanema por 2 a 0 e abriu mais ainda a disputa pelo acesso. O Azul\u00e3o segue no G-4 gra\u00e7as \u00e0 derrota do Juventude, time que est\u00e1 na cola dos azulinos. Jean e Renan Bressan marcaram os gols do triunfo do Tricolor da Vila. A partida foi v\u00e1lida pela 34\u00aa rodada da S\u00e9rie B.<\/p>\n<p>Mesmo com o resultado adverso, o time alviceleste segue na 4\u00aa coloca\u00e7\u00e3o, com uma vit\u00f3ria a mais que o quinto colocado Juventude, que soma os mesmos 52 pontos do Azul\u00e3o. A equipe paranista, por sua vez, continua na zona da degola, mas respira na luta contra o rebaixamento. Com 36 pontos, o Paran\u00e1 abre o Z-4 na 17\u00aa posi\u00e7\u00e3o.<\/p>\n<p>O jogo tamb\u00e9m marcou a cent\u00e9sima atua\u00e7\u00e3o de Luciano Cast\u00e1n com a camisa azulina. O capit\u00e3o chegou \u00e0 equipe do Mutange em 2019 para a disputa da S\u00e9rie A e entrou em campo 55 vezes. O duelo contra o Paran\u00e1 foi a 45\u00aa partida que o zagueiro de 31 anos realizou nesta temporada, com dois gols marcados e uma assist\u00eancia.<\/p>\n<p>Agora, o esquadr\u00e3o marujo volta todos os seus olhares para o desafio do pr\u00f3ximo s\u00e1bado (16), quando recebe o Ava\u00ed \u00e0s 16h30, no Rei Pel\u00e9. O Tricolor da Vila, por sua vez, ir\u00e1 encarar o Sampaio Corr\u00eaa no Maranh\u00e3o um dia antes, \u00e0s 19h15, no Castel\u00e3o de S\u00e3o Lu\u00eds. As partidas ser\u00e3o v\u00e1lidas pela 35\u00aa rodada da competi\u00e7\u00e3o.<\/p>\n<p>&nbsp;<\/p>\n<p><strong>Fonte: Gazetaweb<\/strong><\/p>\n<p>&nbsp;<\/p>\n","protected":false},"excerpt":{"rendered":"<p>A noite desta ter\u00e7a (12) n\u00e3o foi boa para o CSA. O time marujo foi derrotado pelo Paran\u00e1 na Vila Capanema por 2 a 0 e abriu mais ainda a disputa pelo acesso. O Azul\u00e3o segue no G-4 gra\u00e7as \u00e0 derrota do Juventude, time que est\u00e1 na cola dos azulinos. Jean e Renan Bressan marcaram &hellip;<\/p>\n","protected":false},"author":1,"featured_media":12068,"comment_status":"closed","ping_status":"closed","sticky":false,"template":"","format":"standard","meta":{"_jetpack_newsletter_access":"","_jetpack_dont_email_post_to_subs":false,"_jetpack_newsletter_tier_id":0,"_jetpack_memberships_contains_paywalled_content":false,"_jetpack_memberships_contains_paid_content":false,"footnotes":""},"categories":[1],"tags":[],"class_list":["post-12067","post","type-post","status-publish","format-standard","has-post-thumbnail","hentry","category-destaque"],"jetpack_sharing_enabled":true,"jetpack_featured_media_url":"","_links":{"self":[{"href":"https:\/\/www.oparanews.com.br\/index.php\/wp-json\/wp\/v2\/posts\/12067","targetHints":{"allow":["GET"]}}],"collection":[{"href":"https:\/\/www.oparanews.com.br\/index.php\/wp-json\/wp\/v2\/posts"}],"about":[{"href":"https:\/\/www.oparanews.com.br\/index.php\/wp-json\/wp\/v2\/types\/post"}],"author":[{"embeddable":true,"href":"https:\/\/www.oparanews.com.br\/index.php\/wp-json\/wp\/v2\/users\/1"}],"replies":[{"embeddable":true,"href":"https:\/\/www.oparanews.com.br\/index.php\/wp-json\/wp\/v2\/comments?post=12067"}],"version-history":[{"count":0,"href":"https:\/\/www.oparanews.com.br\/index.php\/wp-json\/wp\/v2\/posts\/12067\/revisions"}],"wp:attachment":[{"href":"https:\/\/www.oparanews.com.br\/index.php\/wp-json\/wp\/v2\/media?parent=12067"}],"wp:term":[{"taxonomy":"category","embeddable":true,"href":"https:\/\/www.oparanews.com.br\/index.php\/wp-json\/wp\/v2\/categories?post=12067"},{"taxonomy":"post_tag","embeddable":true,"href":"https:\/\/www.oparanews.com.br\/index.php\/wp-json\/wp\/v2\/tags?post=12067"}],"curies":[{"name":"wp","href":"https:\/\/api.w.org\/{rel}","templated":true}]}}