{"id":12070,"date":"2021-01-13T13:34:35","date_gmt":"2021-01-13T13:34:35","guid":{"rendered":"https:\/\/oparanews.com.br\/?p=12070"},"modified":"2021-01-13T13:34:35","modified_gmt":"2021-01-13T13:34:35","slug":"profissionais-da-saude-publica-serao-os-primeiros-a-receber-vacina-contra-a-covid-19","status":"publish","type":"post","link":"https:\/\/www.oparanews.com.br\/index.php\/2021\/01\/13\/profissionais-da-saude-publica-serao-os-primeiros-a-receber-vacina-contra-a-covid-19\/","title":{"rendered":"Profissionais da sa\u00fade p\u00fablica ser\u00e3o os primeiros a receber vacina contra a Covid-19"},"content":{"rendered":"<p>Os profissionais de sa\u00fade da Rede P\u00fablica que atuam no enfrentamento da pandemia do novo coronav\u00edrus ser\u00e3o os primeiros a serem vacinados contra a Covid-19. O an\u00fancio foi feito pelo secret\u00e1rio de Estado da Sa\u00fade, Alexandre Ayres, nesta ter\u00e7a-feira (12), em reuni\u00e3o com o Conselho Estadual de Sa\u00fade de Alagoas (CES\/AL) e o Conselho de Secretarias Municipais de Sa\u00fade de Alagoas (Cosems\/AL). No encontro, Ayres antecipou \u00e0 imprensa pontos do Plano Estadual de Imuniza\u00e7\u00e3o, que foi elaborado pela Secretaria de Estado da Sa\u00fade (Sesau) em parceria com outros \u00f3rg\u00e3os da \u00e1rea.<\/p>\n<p>\u201cOs profissionais de sa\u00fade da \u00e1rea p\u00fablica ser\u00e3o os primeiros a serem vacinados, com prioridade para aqueles que atuam nos hospitais que atendem pacientes com a Covid-19. Em seguida, ser\u00e3o os profissionais dos hospitais filantr\u00f3picos e privados\u201d, explicou o secret\u00e1rio.<\/p>\n<p>Os detalhes de todo o planejamento, segundo destacou Ayres, ser\u00e3o apresentados formalmente ao p\u00fablico depois que o Minist\u00e9rio da Sa\u00fade (MS) divulgar o cronograma de encaminhamento dos primeiros lotes de vacina para os Estados.<\/p>\n<p>O Plano Estadual de Imuniza\u00e7\u00e3o foi elaborado por t\u00e9cnicos da Sesau, por meio da Superintend\u00eancia de Vigil\u00e2ncia em Sa\u00fade (Suvisa), em parceria com integrantes da Secretaria de Sa\u00fade de Macei\u00f3 (SMS), do Conselho Estadual de Sa\u00fade de Alagoas e do Conselho de Secretarias de Municipais de Sa\u00fade de Alagoas.<\/p>\n<p>Entre os profissionais que atuam na elabora\u00e7\u00e3o das diretrizes, cronogramas e estrat\u00e9gias de vacina\u00e7\u00e3o contra a Covid-19 est\u00e3o epidemiologistas, m\u00e9dicos infectologistas e profissionais da assist\u00eancia, com experi\u00eancia comprovada em campanhas de vacina\u00e7\u00e3o, como as da P\u00f3lio, Sarampo e Influenza.<\/p>\n<p>O secret\u00e1rio da Sa\u00fade ressaltou que Alagoas j\u00e1 conta com estoque de agulhas e seringas para iniciar a vacina\u00e7\u00e3o contra a Covid-19. \u201cO Governo de Alagoas vem atuando incansavelmente no enfrentamento \u00e0 Covid-19 e j\u00e1 garantimos o estoque de agulhas e seringas, insumos considerados importantes para iniciarmos a vacina\u00e7\u00e3o, priorizando os grupos de risco. Agora, continuamos \u00e0 espera do Plano de Imuniza\u00e7\u00e3o que ser\u00e1 divulgado pelo Minist\u00e9rio da Sa\u00fade\u201d, afirmou Ayres.<\/p>\n<p>Monitoramento \u2013 Alexandre Ayres destacou que todo o processo est\u00e1 sendo acompanhado por um Grupo T\u00e9cnico, que foi institu\u00eddo por meio de portaria publicada na edi\u00e7\u00e3o do Di\u00e1rio Oficial do Estado (DOE) do \u00faltimo dia 6 de janeiro.<\/p>\n<p>Presidido pelo secret\u00e1rio de Estado da Sa\u00fade, o Grupo T\u00e9cnico \u00e9 coordenado pelo superintendente de Vigil\u00e2ncia em Sa\u00fade, Herbert Charles Barros, e conta, ainda, com Renilda Santos Barreto, que representa o CES\/AL; Rodrigo Buarque Ferreira e Larissa C\u00e2ndido Guimar\u00e3es, do Cosems\/AL; Micheline Ten\u00f3rio, promotora do Minist\u00e9rio P\u00fablico Estadual (MPE); e Roberta Lima Barbosa Bomfim, procuradora do Minist\u00e9rio P\u00fablico Federal (MPF).<\/p>\n<p>&nbsp;<\/p>\n<p><strong>Fonte: Ag\u00eancia Alagoas<\/strong><\/p>\n<p>&nbsp;<\/p>\n","protected":false},"excerpt":{"rendered":"<p>Os profissionais de sa\u00fade da Rede P\u00fablica que atuam no enfrentamento da pandemia do novo coronav\u00edrus ser\u00e3o os primeiros a serem vacinados contra a Covid-19. O an\u00fancio foi feito pelo secret\u00e1rio de Estado da Sa\u00fade, Alexandre Ayres, nesta ter\u00e7a-feira (12), em reuni\u00e3o com o Conselho Estadual de Sa\u00fade de Alagoas (CES\/AL) e o Conselho de &hellip;<\/p>\n","protected":false},"author":1,"featured_media":12071,"comment_status":"closed","ping_status":"closed","sticky":false,"template":"","format":"standard","meta":{"_jetpack_newsletter_access":"","_jetpack_dont_email_post_to_subs":false,"_jetpack_newsletter_tier_id":0,"_jetpack_memberships_contains_paywalled_content":false,"_jetpack_memberships_contains_paid_content":false,"footnotes":""},"categories":[1],"tags":[],"class_list":["post-12070","post","type-post","status-publish","format-standard","has-post-thumbnail","hentry","category-destaque"],"jetpack_sharing_enabled":true,"jetpack_featured_media_url":"","_links":{"self":[{"href":"https:\/\/www.oparanews.com.br\/index.php\/wp-json\/wp\/v2\/posts\/12070","targetHints":{"allow":["GET"]}}],"collection":[{"href":"https:\/\/www.oparanews.com.br\/index.php\/wp-json\/wp\/v2\/posts"}],"about":[{"href":"https:\/\/www.oparanews.com.br\/index.php\/wp-json\/wp\/v2\/types\/post"}],"author":[{"embeddable":true,"href":"https:\/\/www.oparanews.com.br\/index.php\/wp-json\/wp\/v2\/users\/1"}],"replies":[{"embeddable":true,"href":"https:\/\/www.oparanews.com.br\/index.php\/wp-json\/wp\/v2\/comments?post=12070"}],"version-history":[{"count":0,"href":"https:\/\/www.oparanews.com.br\/index.php\/wp-json\/wp\/v2\/posts\/12070\/revisions"}],"wp:attachment":[{"href":"https:\/\/www.oparanews.com.br\/index.php\/wp-json\/wp\/v2\/media?parent=12070"}],"wp:term":[{"taxonomy":"category","embeddable":true,"href":"https:\/\/www.oparanews.com.br\/index.php\/wp-json\/wp\/v2\/categories?post=12070"},{"taxonomy":"post_tag","embeddable":true,"href":"https:\/\/www.oparanews.com.br\/index.php\/wp-json\/wp\/v2\/tags?post=12070"}],"curies":[{"name":"wp","href":"https:\/\/api.w.org\/{rel}","templated":true}]}}