{"id":12073,"date":"2021-01-13T13:50:58","date_gmt":"2021-01-13T13:50:58","guid":{"rendered":"https:\/\/oparanews.com.br\/?p=12073"},"modified":"2021-01-13T13:50:58","modified_gmt":"2021-01-13T13:50:58","slug":"sars-cov-2-ja-estava-no-espirito-santo-em-dezembro-de-2019","status":"publish","type":"post","link":"https:\/\/www.oparanews.com.br\/index.php\/2021\/01\/13\/sars-cov-2-ja-estava-no-espirito-santo-em-dezembro-de-2019\/","title":{"rendered":"Sars-CoV-2 j\u00e1 estava no Esp\u00edrito Santo em dezembro de 2019"},"content":{"rendered":"<p>Um estudo com pacientes testados para arboviroses no Esp\u00edrito Santo identificou anticorpos para o Sars-CoV-2, o novo coronav\u00edrus, em uma pessoa que procurou o sistema de sa\u00fade com suspeita de dengue em dezembro de 2019, antes da China anunciar \u00e0 OMS o primeiro caso de Covid-19. No Brasil, o primeiro caso do novo coronav\u00edrus s\u00f3 foi oficialmente identificado em fevereiro de 2020. As informa\u00e7\u00f5es s\u00e3o do jornal O Globo.<\/p>\n<p>A descoberta foi feita no estudo \u201cCasos ocultos de S\u00edndrome Respirat\u00f3ria Aguda Grave Coronav\u00edrus 2: um obscuro mas presente perigo em regi\u00f5es end\u00eamicas para v\u00edrus da Dengue e Chikungunya\u201d, realizado por pesquisadores do Laborat\u00f3rio Central de Sa\u00fade P\u00fablica do Estado do Esp\u00edrito Santo (Lacen), N\u00facleo de Doen\u00e7as Infecciosas da Universidade Federal do Esp\u00edrito Santo e do Instituto de Higiene e Medicina Tropical da Universidade Nova de Lisboa (Portugal).<\/p>\n<p>De acordo com a reportagem, o objetivo dos pesquisadores era descobrir se haveria presen\u00e7a simult\u00e2nea do novo coronav\u00edrus com os v\u00edrus de dengue e chicungunha em regi\u00f5es end\u00eamicas do estado, uma vez que alguns dos sintomas das infec\u00e7\u00f5es guardam semelhan\u00e7as, como febre, dores de cabe\u00e7a e no corpo.<\/p>\n<p>O estudo compilou 7.370 amostras analisadas entre dezembro de 2019 e junho de 2020, e foram detectados anticorpos para o coronav\u00edrus em 210 pessoas, 2,85%, revelando que casos de Covid-19 podem ter acontecido junto com arboviroses ou confundido com elas.<\/p>\n<p>O diretor geral do Lacen-ES disse \u00e0 reportagem que \u201ca presen\u00e7a de arbovirose end\u00eamica pode levar a uma conclus\u00e3o err\u00f4nea se n\u00e3o foi feita a testagem para o SarsCoV-2. Acreditamos que esse novo v\u00edrus possa ter se beneficiado da concomit\u00e2ncia para passar despercebido, tornando a dissemina\u00e7\u00e3o mais r\u00e1pida. Se o cl\u00ednico n\u00e3o estiver atento, ignorando que a febre e dores podem ser sintomas de Covid-19, ele pode diagnosticar arbovirose e n\u00e3o isolar o paciente. Isso foi uma realidade no auge da pandemia\u201d.<\/p>\n<p>Mas, segundo o pesquisador, ainda s\u00e3o necess\u00e1rias novas pesquisas para detectar o v\u00edrus em si, j\u00e1 que o anticorpo \u00e9 um marcador indireto da presen\u00e7a do v\u00edrus.<\/p>\n<p>&nbsp;<\/p>\n<p><strong>Fonte: ISTO\u00c9<\/strong><\/p>\n<p>&nbsp;<\/p>\n","protected":false},"excerpt":{"rendered":"<p>Um estudo com pacientes testados para arboviroses no Esp\u00edrito Santo identificou anticorpos para o Sars-CoV-2, o novo coronav\u00edrus, em uma pessoa que procurou o sistema de sa\u00fade com suspeita de dengue em dezembro de 2019, antes da China anunciar \u00e0 OMS o primeiro caso de Covid-19. No Brasil, o primeiro caso do novo coronav\u00edrus s\u00f3 &hellip;<\/p>\n","protected":false},"author":1,"featured_media":12074,"comment_status":"closed","ping_status":"closed","sticky":false,"template":"","format":"standard","meta":{"_jetpack_newsletter_access":"","_jetpack_dont_email_post_to_subs":false,"_jetpack_newsletter_tier_id":0,"_jetpack_memberships_contains_paywalled_content":false,"_jetpack_memberships_contains_paid_content":false,"footnotes":""},"categories":[1],"tags":[],"class_list":["post-12073","post","type-post","status-publish","format-standard","has-post-thumbnail","hentry","category-destaque"],"jetpack_sharing_enabled":true,"jetpack_featured_media_url":"","_links":{"self":[{"href":"https:\/\/www.oparanews.com.br\/index.php\/wp-json\/wp\/v2\/posts\/12073","targetHints":{"allow":["GET"]}}],"collection":[{"href":"https:\/\/www.oparanews.com.br\/index.php\/wp-json\/wp\/v2\/posts"}],"about":[{"href":"https:\/\/www.oparanews.com.br\/index.php\/wp-json\/wp\/v2\/types\/post"}],"author":[{"embeddable":true,"href":"https:\/\/www.oparanews.com.br\/index.php\/wp-json\/wp\/v2\/users\/1"}],"replies":[{"embeddable":true,"href":"https:\/\/www.oparanews.com.br\/index.php\/wp-json\/wp\/v2\/comments?post=12073"}],"version-history":[{"count":0,"href":"https:\/\/www.oparanews.com.br\/index.php\/wp-json\/wp\/v2\/posts\/12073\/revisions"}],"wp:attachment":[{"href":"https:\/\/www.oparanews.com.br\/index.php\/wp-json\/wp\/v2\/media?parent=12073"}],"wp:term":[{"taxonomy":"category","embeddable":true,"href":"https:\/\/www.oparanews.com.br\/index.php\/wp-json\/wp\/v2\/categories?post=12073"},{"taxonomy":"post_tag","embeddable":true,"href":"https:\/\/www.oparanews.com.br\/index.php\/wp-json\/wp\/v2\/tags?post=12073"}],"curies":[{"name":"wp","href":"https:\/\/api.w.org\/{rel}","templated":true}]}}